{"id":3090,"date":"2018-06-12T23:20:45","date_gmt":"2018-06-12T21:20:45","guid":{"rendered":"https:\/\/www.voice.global\/?post_type=stories&#038;p=3090"},"modified":"2018-12-13T10:05:49","modified_gmt":"2018-12-13T09:05:49","slug":"lhistoire-de-ramata-diarra-lhistoire-dalbinism-au-mali","status":"publish","type":"stories","link":"https:\/\/voice.global\/fr\/histoires\/lhistoire-de-ramata-diarra-lhistoire-dalbinism-au-mali\/","title":{"rendered":"L&rsquo;histoire de Ramata Diarra, l&rsquo;histoire d&rsquo;albinisme au Mali"},"content":{"rendered":"\n<div class=\"wp-block-cover has-background-dim alignfull is-layout-flow wp-block-cover-is-layout-flow\" style=\"background-image:url(https:\/\/voice2.wbbclient.com\/assets\/2018\/06\/story-of-ramata-1.jpg)\"><p class=\"wp-block-cover-text\"><br>L&rsquo;histoire de Ramata Diarra, l&rsquo;histoire d&rsquo;albinisme au Mali<br>Ecrit par Mme MA\u00cfGA Aminata\u00a0TRAOR\u00c9<br>Pr\u00e9sidente, Association Malienne pour\u00a0 la Protection des Albinos (AMPA)\u00a0<\/p><\/div>\n\n\n\n<p>Ramata Diarra est une fillette de 5 ans,&nbsp;qui a \u00e9t\u00e9&nbsp;enlev\u00e9e, assassin\u00e9e et mutil\u00e9e le 12 mai dernier dans la r\u00e9gion de Koulikoro, dans la commune de Fana.&nbsp;Cette histoire d\u00e9montre les actions qu&rsquo;un partenaire d&rsquo;autonomisation de Voice, AMPA a fait pour supporter la famille, mobiliser la communaut\u00e9 de Voice et plus large pour le plaidoyer vers le gouvernement pour la protection des albinos au Mali.&nbsp;<\/p>\n\n\n\n<p>C&rsquo;est une histoire de courage, d&rsquo;engagement et de solidarit\u00e9 en vue du 13 juin, la Journ\u00e9e&nbsp;d\u00e9cr\u00e9t\u00e9e par les Nations Unies comme journ\u00e9e Internationale de Sensibilisation \u00e0 l&rsquo;Albinisme.&nbsp;<\/p>\n\n\n\n<figure class=\"wp-block-image alignwide\"><img loading=\"lazy\" decoding=\"async\" width=\"552\" height=\"413\" src=\"https:\/\/voice2.wbbclient.com\/assets\/2018\/12\/story-of-ramata-2.jpg\" alt=\"\" class=\"wp-image-4438\" srcset=\"https:\/\/voice.global\/assets\/2018\/12\/story-of-ramata-2.jpg 552w, https:\/\/voice.global\/assets\/2018\/12\/story-of-ramata-2-300x224.jpg 300w\" sizes=\"auto, (max-width: 552px) 100vw, 552px\" \/><\/figure>\n\n\n\n<div class=\"wp-block-media-text alignwide\"><figure class=\"wp-block-media-text__media\"><img loading=\"lazy\" decoding=\"async\" width=\"960\" height=\"720\" src=\"https:\/\/voice2.wbbclient.com\/assets\/2018\/12\/story-of-ramata-3.jpg\" alt=\"\" class=\"wp-image-4441\" srcset=\"https:\/\/voice.global\/assets\/2018\/12\/story-of-ramata-3.jpg 960w, https:\/\/voice.global\/assets\/2018\/12\/story-of-ramata-3-300x225.jpg 300w, https:\/\/voice.global\/assets\/2018\/12\/story-of-ramata-3-768x576.jpg 768w\" sizes=\"auto, (max-width: 960px) 100vw, 960px\" \/><\/figure><div class=\"wp-block-media-text__content\">\n<p>AMPA est une jeune association de d\u00e9fense des droits des personnes atteintes d&rsquo;albinisme. Elle lutte pour l&rsquo;insertion socio\u00e9conomique des albinos. AMPA g\u00e8re une subvention d&rsquo;autonomisation de Voice qui est leur premier bailleur. Avec les fonds ils organisent de sensibilisation et plaidoyer pour la protection et la promotion des droits des albinos au Mali.<\/p>\n<\/div><\/div>\n\n\n\n<div class=\"wp-block-media-text alignwide has-media-on-the-right\"><figure class=\"wp-block-media-text__media\"><img loading=\"lazy\" decoding=\"async\" width=\"1024\" height=\"576\" src=\"https:\/\/voice2.wbbclient.com\/assets\/2018\/12\/story-of-ramata-4-1024x576.jpg\" alt=\"\" class=\"wp-image-4444\" srcset=\"https:\/\/voice.global\/assets\/2018\/12\/story-of-ramata-4-1024x576.jpg 1024w, https:\/\/voice.global\/assets\/2018\/12\/story-of-ramata-4-300x169.jpg 300w, https:\/\/voice.global\/assets\/2018\/12\/story-of-ramata-4-768x432.jpg 768w, https:\/\/voice.global\/assets\/2018\/12\/story-of-ramata-4-387x217.jpg 387w, https:\/\/voice.global\/assets\/2018\/12\/story-of-ramata-4.jpg 1080w\" sizes=\"auto, (max-width: 1024px) 100vw, 1024px\" \/><\/figure><div class=\"wp-block-media-text__content\">\n<p>L&rsquo;albinisme continue d&rsquo;\u00eatre profond\u00e9ment mal compris. C&rsquo;est une maladie rare caus\u00e9e par une absence de pigmentation sur les cheveux, la peau et les yeux. Il entraine une grande sensibilit\u00e9 au soleil\u00a0et \u00e0 la lumi\u00e8re vive. Les albinos subissent des discriminations et de la stigmatisation \u00e0 l&rsquo;\u00e9chelle mondiale, mais surtout en Afrique.\u00a0Les campagnes peuvent aider \u00e0 lutter contre les superstitions et les stigmatisations et c&rsquo;est sur cette vision que AMPA a initie ce projet.\u00a0<\/p>\n<\/div><\/div>\n\n\n\n<div class=\"wp-block-media-text alignwide\"><figure class=\"wp-block-media-text__media\"><img loading=\"lazy\" decoding=\"async\" width=\"1024\" height=\"576\" src=\"https:\/\/voice2.wbbclient.com\/assets\/2018\/12\/story-of-ramata-5-1024x576.jpg\" alt=\"\" class=\"wp-image-4446\" srcset=\"https:\/\/voice.global\/assets\/2018\/12\/story-of-ramata-5-1024x576.jpg 1024w, https:\/\/voice.global\/assets\/2018\/12\/story-of-ramata-5-300x169.jpg 300w, https:\/\/voice.global\/assets\/2018\/12\/story-of-ramata-5-768x432.jpg 768w, https:\/\/voice.global\/assets\/2018\/12\/story-of-ramata-5-387x217.jpg 387w, https:\/\/voice.global\/assets\/2018\/12\/story-of-ramata-5.jpg 1080w\" sizes=\"auto, (max-width: 1024px) 100vw, 1024px\" \/><\/figure><div class=\"wp-block-media-text__content\">\n<p>Le projet a r\u00e9alis\u00e9 la mobilisation des services de protection, l&rsquo;implication des religieux et l&rsquo;ensemble de la soci\u00e9t\u00e9 civile d&rsquo;o\u00f9 la teneur des messages v\u00e9hicul\u00e9s.\u00a0Les actions outreach ont \u00e9t\u00e9 men\u00e9es \u00e0 Kadiolo et \u00e0 Penssoba; des localit\u00e9s r\u00e9put\u00e9es pour des massacres de personnes atteintes d&rsquo;albinisme, surtout pendant la p\u00e9riode \u00e9lectorale<strong>.\u00a0\u00a0<\/strong><\/p>\n<\/div><\/div>\n\n\n\n<div class=\"wp-block-media-text alignwide has-media-on-the-right\"><figure class=\"wp-block-media-text__media\"><img loading=\"lazy\" decoding=\"async\" width=\"1024\" height=\"576\" src=\"https:\/\/voice2.wbbclient.com\/assets\/2018\/12\/story-of-ramata-6-1024x576.jpg\" alt=\"\" class=\"wp-image-4448\" srcset=\"https:\/\/voice.global\/assets\/2018\/12\/story-of-ramata-6-1024x576.jpg 1024w, https:\/\/voice.global\/assets\/2018\/12\/story-of-ramata-6-300x169.jpg 300w, https:\/\/voice.global\/assets\/2018\/12\/story-of-ramata-6-768x432.jpg 768w, https:\/\/voice.global\/assets\/2018\/12\/story-of-ramata-6-387x217.jpg 387w, https:\/\/voice.global\/assets\/2018\/12\/story-of-ramata-6.jpg 1366w\" sizes=\"auto, (max-width: 1024px) 100vw, 1024px\" \/><\/figure><div class=\"wp-block-media-text__content\">\n<p>Apres l&rsquo;assassinat de Ramata, AMPA s&rsquo;est rendu sur les lieux afin de s&rsquo;impr\u00e9gner des r\u00e9alit\u00e9s du terrain\u00a0et\u00a0 supporter la famille d&rsquo;abord.\u00a0<\/p>\n<\/div><\/div>\n\n\n\n<figure class=\"wp-block-image alignwide\"><img loading=\"lazy\" decoding=\"async\" width=\"960\" height=\"540\" src=\"https:\/\/voice2.wbbclient.com\/assets\/2018\/06\/story-of-ramata-7.jpg\" alt=\"\" class=\"wp-image-4453\" srcset=\"https:\/\/voice.global\/assets\/2018\/06\/story-of-ramata-7.jpg 960w, https:\/\/voice.global\/assets\/2018\/06\/story-of-ramata-7-300x169.jpg 300w, https:\/\/voice.global\/assets\/2018\/06\/story-of-ramata-7-768x432.jpg 768w, https:\/\/voice.global\/assets\/2018\/06\/story-of-ramata-7-387x217.jpg 387w\" sizes=\"auto, (max-width: 960px) 100vw, 960px\" \/><\/figure>\n\n\n\n<p>Suite \u00e0 la visite \u00e0 la famille, AMPA a mobilis\u00e9 du monde. AMPA a \u00e9t\u00e9 invit\u00e9 au Studio Tamani pour participer \u00e0 un d\u00e9bat sur l&rsquo;assassinat de leur s\u0153ur Ramata et\u00a0a invit\u00e9 tous de partager\u00a0 leurs impressions.\u00a0<\/p>\n\n\n\n<div class=\"wp-block-media-text alignwide\"><figure class=\"wp-block-media-text__media\"><img loading=\"lazy\" decoding=\"async\" width=\"600\" height=\"400\" src=\"https:\/\/voice2.wbbclient.com\/assets\/2018\/12\/story-of-ramata-8.jpg\" alt=\"\" class=\"wp-image-4450\" srcset=\"https:\/\/voice.global\/assets\/2018\/12\/story-of-ramata-8.jpg 600w, https:\/\/voice.global\/assets\/2018\/12\/story-of-ramata-8-300x200.jpg 300w\" sizes=\"auto, (max-width: 600px) 100vw, 600px\" \/><\/figure><div class=\"wp-block-media-text__content\">\n<p>Le 5 juin, Madame la ministre des droits de l&rsquo;homme a re\u00e7u une forte d\u00e9l\u00e9gation d&rsquo;AMPA pour remettre officiellement leur d\u00e9claration d&rsquo;indignation suite \u00e0 l&rsquo;assassinat. AMPA a aussi demand\u00e9 son implication personnelle jusqu&rsquo;\u00e0 ce que justice soit faite.<\/p>\n<\/div><\/div>\n\n\n\n<div class=\"wp-block-media-text alignwide has-media-on-the-right\"><figure class=\"wp-block-media-text__media\"><img loading=\"lazy\" decoding=\"async\" width=\"1024\" height=\"660\" src=\"https:\/\/voice2.wbbclient.com\/assets\/2018\/12\/story-of-ramata-9-1024x660.png\" alt=\"\" class=\"wp-image-4455\" srcset=\"https:\/\/voice.global\/assets\/2018\/12\/story-of-ramata-9-1024x660.png 1024w, https:\/\/voice.global\/assets\/2018\/12\/story-of-ramata-9-300x193.png 300w, https:\/\/voice.global\/assets\/2018\/12\/story-of-ramata-9-768x495.png 768w, https:\/\/voice.global\/assets\/2018\/12\/story-of-ramata-9.png 1154w\" sizes=\"auto, (max-width: 1024px) 100vw, 1024px\" \/><\/figure><div class=\"wp-block-media-text__content\">\n<p>La F\u00e9d\u00e9ration Malienne des Associations de Personnes Handicap\u00e9es, un autre partenaire de Voice, a publi\u00e9 une communique de presse exprimant leur indignation.<\/p>\n<\/div><\/div>\n\n\n\n<figure class=\"wp-block-image alignwide\"><img loading=\"lazy\" decoding=\"async\" width=\"600\" height=\"400\" src=\"https:\/\/voice2.wbbclient.com\/assets\/2018\/12\/story-of-ramata-10.jpg\" alt=\"\" class=\"wp-image-4457\" srcset=\"https:\/\/voice.global\/assets\/2018\/12\/story-of-ramata-10.jpg 600w, https:\/\/voice.global\/assets\/2018\/12\/story-of-ramata-10-300x200.jpg 300w\" sizes=\"auto, (max-width: 600px) 100vw, 600px\" \/><\/figure>\n\n\n\n<p>Madame La Ministre des droits de l&rsquo;homme s&rsquo;est exprim\u00e9 son indignation aussi ce qui fait qu&rsquo;aujourd&rsquo;hui il y a eu des avances et les enqu\u00eates\u00a0sont en cours pour cerner\u00a0les motivations des assassins.<\/p>\n\n\n\n<div class=\"wp-block-media-text alignwide\"><figure class=\"wp-block-media-text__media\"><img loading=\"lazy\" decoding=\"async\" width=\"571\" height=\"364\" src=\"https:\/\/voice2.wbbclient.com\/assets\/2018\/12\/story-of-ramata-11.jpg\" alt=\"\" class=\"wp-image-4459\" srcset=\"https:\/\/voice.global\/assets\/2018\/12\/story-of-ramata-11.jpg 571w, https:\/\/voice.global\/assets\/2018\/12\/story-of-ramata-11-300x191.jpg 300w\" sizes=\"auto, (max-width: 571px) 100vw, 571px\" \/><\/figure><div class=\"wp-block-media-text__content\">\n<p>Et finalement un autre partenaire de Voice,Agoratoire n&rsquo;est pas rest\u00e9 indiff\u00e9rent \u00e0 la situation, les slameurs ont fait un single avec l&rsquo;une des membres d&rsquo;AMPA pour rendre hommage \u00e0 la regrett\u00e9e Ramata. La sortie officielle de ce single est pr\u00e9vue pour le 13 juin au Palais de la Culture, mais vous pouvez d\u00e9j\u00e0\u00a0<a href=\"https:\/\/diezstar.com\/track\/1club-slam-agoratoire-voice-hommage-a-ramata1\/\">\u00e9couter.<\/a>\u00a0\u00a0Agoratoire et AMPA collaborent pour mettre en \u0153uvre les activit\u00e9s de 13 juin et au-del\u00e0 pour une campagne de sensibilisation qui durera jusqu\u00a0\u00bb\u00e0 d\u00e9cembre 2018.\u00a0\u00a0<\/p>\n<\/div><\/div>\n","protected":false},"excerpt":{"rendered":"<p>Ramata Diarra est une fillette de 5 ans,&nbsp;qui a \u00e9t\u00e9&nbsp;enlev\u00e9e, assassin\u00e9e et mutil\u00e9e le 12 mai dernier dans la r\u00e9gion de Koulikoro, dans la commune de Fana.&nbsp;Cette histoire d\u00e9montre les actions qu&rsquo;un partenaire d&rsquo;autonomisation de Voice, AMPA a fait pour supporter la famille, mobiliser la communaut\u00e9 de Voice et plus large pour le plaidoyer vers [&hellip;]<\/p>\n","protected":false},"featured_media":2806,"template":"","categories":[],"tags":[],"class_list":["post-3090","stories","type-stories","status-publish","has-post-thumbnail","hentry"],"yoast_head":"<!-- This site is optimized with the Yoast SEO plugin v27.4 - https:\/\/yoast.com\/product\/yoast-seo-wordpress\/ -->\n<title>L&#039;histoire de Ramata Diarra, l&#039;histoire d&#039;albinisme au Mali - Voice.Global<\/title>\n<meta name=\"robots\" content=\"index, follow, max-snippet:-1, max-image-preview:large, max-video-preview:-1\" \/>\n<link rel=\"canonical\" href=\"https:\/\/voice.global\/fr\/histoires\/lhistoire-de-ramata-diarra-lhistoire-dalbinism-au-mali\/\" \/>\n<meta property=\"og:locale\" content=\"fr_FR\" \/>\n<meta property=\"og:type\" content=\"article\" \/>\n<meta property=\"og:title\" content=\"L&#039;histoire de Ramata Diarra, l&#039;histoire d&#039;albinisme au Mali - Voice.Global\" \/>\n<meta property=\"og:description\" content=\"Ramata Diarra est une fillette de 5 ans,&nbsp;qui a \u00e9t\u00e9&nbsp;enlev\u00e9e, assassin\u00e9e et mutil\u00e9e le 12 mai dernier dans la r\u00e9gion de Koulikoro, dans la commune de Fana.&nbsp;Cette histoire d\u00e9montre les actions qu&rsquo;un partenaire d&rsquo;autonomisation de Voice, AMPA a fait pour supporter la famille, mobiliser la communaut\u00e9 de Voice et plus large pour le plaidoyer vers [&hellip;]\" \/>\n<meta property=\"og:url\" content=\"https:\/\/voice.global\/fr\/histoires\/lhistoire-de-ramata-diarra-lhistoire-dalbinism-au-mali\/\" \/>\n<meta property=\"og:site_name\" content=\"Voice.Global\" \/>\n<meta property=\"article:modified_time\" content=\"2018-12-13T09:05:49+00:00\" \/>\n<meta property=\"og:image\" content=\"https:\/\/voice.global\/assets\/2017\/12\/22221494_135108540453395_2446303770556376182_n.jpg\" \/>\n\t<meta property=\"og:image:width\" content=\"960\" \/>\n\t<meta property=\"og:image:height\" content=\"720\" \/>\n\t<meta property=\"og:image:type\" content=\"image\/jpeg\" \/>\n<meta name=\"twitter:card\" content=\"summary_large_image\" \/>\n<meta name=\"twitter:label1\" content=\"Dur\u00e9e de lecture estim\u00e9e\" \/>\n\t<meta name=\"twitter:data1\" content=\"3 minutes\" \/>\n<script type=\"application\/ld+json\" class=\"yoast-schema-graph\">{\"@context\":\"https:\\\/\\\/schema.org\",\"@graph\":[{\"@type\":\"WebPage\",\"@id\":\"https:\\\/\\\/voice.global\\\/fr\\\/histoires\\\/lhistoire-de-ramata-diarra-lhistoire-dalbinism-au-mali\\\/\",\"url\":\"https:\\\/\\\/voice.global\\\/fr\\\/histoires\\\/lhistoire-de-ramata-diarra-lhistoire-dalbinism-au-mali\\\/\",\"name\":\"L'histoire de Ramata Diarra, l'histoire d'albinisme au Mali - Voice.Global\",\"isPartOf\":{\"@id\":\"https:\\\/\\\/voice.global\\\/fr\\\/#website\"},\"primaryImageOfPage\":{\"@id\":\"https:\\\/\\\/voice.global\\\/fr\\\/histoires\\\/lhistoire-de-ramata-diarra-lhistoire-dalbinism-au-mali\\\/#primaryimage\"},\"image\":{\"@id\":\"https:\\\/\\\/voice.global\\\/fr\\\/histoires\\\/lhistoire-de-ramata-diarra-lhistoire-dalbinism-au-mali\\\/#primaryimage\"},\"thumbnailUrl\":\"https:\\\/\\\/voice.global\\\/assets\\\/2017\\\/12\\\/22221494_135108540453395_2446303770556376182_n.jpg\",\"datePublished\":\"2018-06-12T21:20:45+00:00\",\"dateModified\":\"2018-12-13T09:05:49+00:00\",\"breadcrumb\":{\"@id\":\"https:\\\/\\\/voice.global\\\/fr\\\/histoires\\\/lhistoire-de-ramata-diarra-lhistoire-dalbinism-au-mali\\\/#breadcrumb\"},\"inLanguage\":\"fr-FR\",\"potentialAction\":[{\"@type\":\"ReadAction\",\"target\":[\"https:\\\/\\\/voice.global\\\/fr\\\/histoires\\\/lhistoire-de-ramata-diarra-lhistoire-dalbinism-au-mali\\\/\"]}]},{\"@type\":\"ImageObject\",\"inLanguage\":\"fr-FR\",\"@id\":\"https:\\\/\\\/voice.global\\\/fr\\\/histoires\\\/lhistoire-de-ramata-diarra-lhistoire-dalbinism-au-mali\\\/#primaryimage\",\"url\":\"https:\\\/\\\/voice.global\\\/assets\\\/2017\\\/12\\\/22221494_135108540453395_2446303770556376182_n.jpg\",\"contentUrl\":\"https:\\\/\\\/voice.global\\\/assets\\\/2017\\\/12\\\/22221494_135108540453395_2446303770556376182_n.jpg\",\"width\":960,\"height\":720},{\"@type\":\"BreadcrumbList\",\"@id\":\"https:\\\/\\\/voice.global\\\/fr\\\/histoires\\\/lhistoire-de-ramata-diarra-lhistoire-dalbinism-au-mali\\\/#breadcrumb\",\"itemListElement\":[{\"@type\":\"ListItem\",\"position\":1,\"name\":\"Home\",\"item\":\"https:\\\/\\\/voice.global\\\/fr\\\/\"},{\"@type\":\"ListItem\",\"position\":2,\"name\":\"Stories\",\"item\":\"https:\\\/\\\/voice.global\\\/histoires\\\/\"},{\"@type\":\"ListItem\",\"position\":3,\"name\":\"L&rsquo;histoire de Ramata Diarra, l&rsquo;histoire d&rsquo;albinisme au Mali\"}]},{\"@type\":\"WebSite\",\"@id\":\"https:\\\/\\\/voice.global\\\/fr\\\/#website\",\"url\":\"https:\\\/\\\/voice.global\\\/fr\\\/\",\"name\":\"Voice.Global\",\"description\":\"Include - Innovate - Influence\",\"potentialAction\":[{\"@type\":\"SearchAction\",\"target\":{\"@type\":\"EntryPoint\",\"urlTemplate\":\"https:\\\/\\\/voice.global\\\/fr\\\/?s={search_term_string}\"},\"query-input\":{\"@type\":\"PropertyValueSpecification\",\"valueRequired\":true,\"valueName\":\"search_term_string\"}}],\"inLanguage\":\"fr-FR\"}]}<\/script>\n<!-- \/ Yoast SEO plugin. -->","yoast_head_json":{"title":"L'histoire de Ramata Diarra, l'histoire d'albinisme au Mali - Voice.Global","robots":{"index":"index","follow":"follow","max-snippet":"max-snippet:-1","max-image-preview":"max-image-preview:large","max-video-preview":"max-video-preview:-1"},"canonical":"https:\/\/voice.global\/fr\/histoires\/lhistoire-de-ramata-diarra-lhistoire-dalbinism-au-mali\/","og_locale":"fr_FR","og_type":"article","og_title":"L'histoire de Ramata Diarra, l'histoire d'albinisme au Mali - Voice.Global","og_description":"Ramata Diarra est une fillette de 5 ans,&nbsp;qui a \u00e9t\u00e9&nbsp;enlev\u00e9e, assassin\u00e9e et mutil\u00e9e le 12 mai dernier dans la r\u00e9gion de Koulikoro, dans la commune de Fana.&nbsp;Cette histoire d\u00e9montre les actions qu&rsquo;un partenaire d&rsquo;autonomisation de Voice, AMPA a fait pour supporter la famille, mobiliser la communaut\u00e9 de Voice et plus large pour le plaidoyer vers [&hellip;]","og_url":"https:\/\/voice.global\/fr\/histoires\/lhistoire-de-ramata-diarra-lhistoire-dalbinism-au-mali\/","og_site_name":"Voice.Global","article_modified_time":"2018-12-13T09:05:49+00:00","og_image":[{"width":960,"height":720,"url":"https:\/\/voice.global\/assets\/2017\/12\/22221494_135108540453395_2446303770556376182_n.jpg","type":"image\/jpeg"}],"twitter_card":"summary_large_image","twitter_misc":{"Dur\u00e9e de lecture estim\u00e9e":"3 minutes"},"schema":{"@context":"https:\/\/schema.org","@graph":[{"@type":"WebPage","@id":"https:\/\/voice.global\/fr\/histoires\/lhistoire-de-ramata-diarra-lhistoire-dalbinism-au-mali\/","url":"https:\/\/voice.global\/fr\/histoires\/lhistoire-de-ramata-diarra-lhistoire-dalbinism-au-mali\/","name":"L'histoire de Ramata Diarra, l'histoire d'albinisme au Mali - Voice.Global","isPartOf":{"@id":"https:\/\/voice.global\/fr\/#website"},"primaryImageOfPage":{"@id":"https:\/\/voice.global\/fr\/histoires\/lhistoire-de-ramata-diarra-lhistoire-dalbinism-au-mali\/#primaryimage"},"image":{"@id":"https:\/\/voice.global\/fr\/histoires\/lhistoire-de-ramata-diarra-lhistoire-dalbinism-au-mali\/#primaryimage"},"thumbnailUrl":"https:\/\/voice.global\/assets\/2017\/12\/22221494_135108540453395_2446303770556376182_n.jpg","datePublished":"2018-06-12T21:20:45+00:00","dateModified":"2018-12-13T09:05:49+00:00","breadcrumb":{"@id":"https:\/\/voice.global\/fr\/histoires\/lhistoire-de-ramata-diarra-lhistoire-dalbinism-au-mali\/#breadcrumb"},"inLanguage":"fr-FR","potentialAction":[{"@type":"ReadAction","target":["https:\/\/voice.global\/fr\/histoires\/lhistoire-de-ramata-diarra-lhistoire-dalbinism-au-mali\/"]}]},{"@type":"ImageObject","inLanguage":"fr-FR","@id":"https:\/\/voice.global\/fr\/histoires\/lhistoire-de-ramata-diarra-lhistoire-dalbinism-au-mali\/#primaryimage","url":"https:\/\/voice.global\/assets\/2017\/12\/22221494_135108540453395_2446303770556376182_n.jpg","contentUrl":"https:\/\/voice.global\/assets\/2017\/12\/22221494_135108540453395_2446303770556376182_n.jpg","width":960,"height":720},{"@type":"BreadcrumbList","@id":"https:\/\/voice.global\/fr\/histoires\/lhistoire-de-ramata-diarra-lhistoire-dalbinism-au-mali\/#breadcrumb","itemListElement":[{"@type":"ListItem","position":1,"name":"Home","item":"https:\/\/voice.global\/fr\/"},{"@type":"ListItem","position":2,"name":"Stories","item":"https:\/\/voice.global\/histoires\/"},{"@type":"ListItem","position":3,"name":"L&rsquo;histoire de Ramata Diarra, l&rsquo;histoire d&rsquo;albinisme au Mali"}]},{"@type":"WebSite","@id":"https:\/\/voice.global\/fr\/#website","url":"https:\/\/voice.global\/fr\/","name":"Voice.Global","description":"Include - Innovate - Influence","potentialAction":[{"@type":"SearchAction","target":{"@type":"EntryPoint","urlTemplate":"https:\/\/voice.global\/fr\/?s={search_term_string}"},"query-input":{"@type":"PropertyValueSpecification","valueRequired":true,"valueName":"search_term_string"}}],"inLanguage":"fr-FR"}]}},"_links":{"self":[{"href":"https:\/\/voice.global\/fr\/wp-json\/wp\/v2\/stories\/3090","targetHints":{"allow":["GET"]}}],"collection":[{"href":"https:\/\/voice.global\/fr\/wp-json\/wp\/v2\/stories"}],"about":[{"href":"https:\/\/voice.global\/fr\/wp-json\/wp\/v2\/types\/stories"}],"wp:featuredmedia":[{"embeddable":true,"href":"https:\/\/voice.global\/fr\/wp-json\/wp\/v2\/media\/2806"}],"wp:attachment":[{"href":"https:\/\/voice.global\/fr\/wp-json\/wp\/v2\/media?parent=3090"}],"wp:term":[{"taxonomy":"category","embeddable":true,"href":"https:\/\/voice.global\/fr\/wp-json\/wp\/v2\/categories?post=3090"},{"taxonomy":"post_tag","embeddable":true,"href":"https:\/\/voice.global\/fr\/wp-json\/wp\/v2\/tags?post=3090"}],"curies":[{"name":"wp","href":"https:\/\/api.w.org\/{rel}","templated":true}]}}