{"id":22231,"date":"2023-10-15T10:32:32","date_gmt":"2023-10-15T08:32:32","guid":{"rendered":"https:\/\/voice.global\/?post_type=stories&#038;p=22231"},"modified":"2023-10-15T10:32:35","modified_gmt":"2023-10-15T08:32:35","slug":"mme-ou-vanda-a-travers-le-reseau-cambodgien-sur-le-vieillissement-demystifie-lage","status":"publish","type":"stories","link":"https:\/\/voice.global\/fr\/histoires\/mme-ou-vanda-a-travers-le-reseau-cambodgien-sur-le-vieillissement-demystifie-lage\/","title":{"rendered":"Mme Ou Vanda, \u00e0 travers le R\u00e9seau cambodgien sur le vieillissement, d\u00e9mystifie l&rsquo;\u00e2ge"},"content":{"rendered":"\n<p>Lorsque Mme Vanda a atteint l&rsquo;\u00e2ge obligatoire de la retraite de 60 ans, elle a d\u00fb se retirer de la fonction publique, m\u00eame si elle \u00e9tait encore tr\u00e8s active et capable de remplir toutes ses fonctions de directrice adjointe du d\u00e9partement provincial de la sant\u00e9 de Battambang. \u00c0 la retraite, elle se sentait d\u00e9prim\u00e9e et isol\u00e9e des autres. \u00c0 sa retraite, la r\u00e9alit\u00e9 de la discrimination et de la marginalisation des personnes \u00e2g\u00e9es lui est devenue \u00e9vidente. Elle \u00e9tait surprise que m\u00eame ses anciens coll\u00e8gues la m\u00e9prisent. Il lui semblait que la perte de sa position l&rsquo;avait totalement d\u00e9valoris\u00e9e en tant que personne. Le sentiment \u00e9tait si intense que Mme Vanda tomba momentan\u00e9ment dans une d\u00e9pression.<\/p>\n\n\n\n<p>Cependant, elle \u00e9tait d\u00e9termin\u00e9e \u00e0 ne pas se permettre de rester ainsi. De son pr\u00e9c\u00e9dent engagement professionnel aupr\u00e8s de <a href=\"https:\/\/voice.global\/grantees\/voicing-marginalised-older-people\/\">HelpAge Cambodge<\/a> (HAC), elle a beaucoup appris et s&rsquo;est beaucoup impliqu\u00e9e dans des travaux de coop\u00e9ration visant \u00e0 soutenir les personnes \u00e2g\u00e9es, en particulier dans le secteur de la sant\u00e9. Elle \u00e9tait tr\u00e8s int\u00e9ress\u00e9e par la cr\u00e9ation d&rsquo;une association de personnes \u00e2g\u00e9es (OPA) dans son village et a \u00e9t\u00e9 habilit\u00e9e par HAC \u00e0 cr\u00e9er une OPA dans le village. Elle a commenc\u00e9 \u00e0 mobiliser des personnes \u00e2g\u00e9es partageant un int\u00e9r\u00eat commun pour cr\u00e9er l&rsquo;OPA afin de partager leurs besoins communs et les probl\u00e8mes \u00e0 r\u00e9soudre. L&rsquo;OPA du village a finalement \u00e9t\u00e9 cr\u00e9\u00e9e en f\u00e9vrier 2018, et parmi 67 membres, elle a \u00e9t\u00e9 \u00e9lue pour diriger l&rsquo;OPA, dont la plupart sont des femmes de plus de 60 ans. Aujourd&rsquo;hui Mme Ou Vanda, \u00e2g\u00e9e de 63 ans et tr\u00e8s active, est pr\u00e9sidente du R\u00e9seau cambodgien du vieillissement (CAN). Comme l&rsquo;a-t-elle fait?<\/p>\n\n\n\n<p>Gr\u00e2ce \u00e0 son leadership actif et \u00e0 son bon mod\u00e8le de soutien aux personnes \u00e2g\u00e9es dans cette nouvelle OPA, elle a \u00e9t\u00e9 invit\u00e9e \u00e0 se joindre \u00e0 une s\u00e9rie de dialogues et de r\u00e9unions consultatives avec d&rsquo;autres OPA et f\u00e9d\u00e9rations sur la cr\u00e9ation d&rsquo;une alliance pour les personnes \u00e2g\u00e9es.<\/p>\n\n\n\n<p>Lors de la cr\u00e9ation d\u2019une alliance appel\u00e9e R\u00e9seau cambodgien du vieillissement, elle a \u00e9t\u00e9 \u00e9lue pr\u00e9sidente parmi les 18 institutions fondatrices. Cela d\u00e9passait totalement ses attentes, mais elle a d\u00e9sormais la responsabilit\u00e9 de faire progresser cette nouvelle CAN et de rechercher un soutien pour r\u00e9soudre les probl\u00e8mes du vieillissement, en particulier dans les secteurs li\u00e9s \u00e0 la sant\u00e9. Le projet a mis en place une s\u00e9rie de sessions de renforcement des capacit\u00e9s et de formations utiles pour le CAN en termes de travaux de plaidoyer (Age Demands Action), d&rsquo;ODD, de droits de l&rsquo;homme, de handicap et d&rsquo;autres sujets importants que tous les membres doivent accomplir dans leur plan strat\u00e9gique engag\u00e9 et objectifs.<\/p>\n\n\n\n<p>\u00ab La plupart des membres du CAN et moi-m\u00eame avons acquis beaucoup de connaissances et am\u00e9lior\u00e9 progressivement la capacit\u00e9 de travail des personnes \u00e2g\u00e9es. Je ne me sens plus d\u00e9courag\u00e9 et discrimin\u00e9 apr\u00e8s avoir appris plusieurs formations. Je vais me lever et montrer aux autres ce que nous pouvons faire en tant que personne \u00e2g\u00e9e \u00bb.<\/p>\n\n\n\n<p>Au cours des trois derni\u00e8res ann\u00e9es, Mme Vanda a consacr\u00e9 beaucoup d&rsquo;efforts en collaboration avec tous les membres dans un travail de plaidoyer et en s&rsquo;engageant aupr\u00e8s de plusieurs parties prenantes et de gouvernements cl\u00e9s \u00e0 travers divers dialogues et consultations pour int\u00e9grer les questions de vieillissement ainsi que pour rechercher leur soutien dans r\u00e9pondre aux besoins des personnes \u00e2g\u00e9es.<\/p>\n\n\n\n<p>\u00ab Il me serait tr\u00e8s difficile de convaincre le gouvernement, notamment au niveau national, de soutenir les personnes \u00e2g\u00e9es. Avec le soutien du CAN, j&rsquo;ai pu repr\u00e9senter le nombre de personnes \u00e2g\u00e9es dans plusieurs provinces et j&rsquo;ai acquis plus de confiance pour parler au gouvernement des besoins des personnes \u00e2g\u00e9es \u00bb.<\/p>\n\n\n\n<p>En cons\u00e9quence, \u00e0 la suite d&rsquo;une s\u00e9rie de r\u00e9unions d&rsquo;engagement et de dialogue avec des gouvernements cl\u00e9s, en particulier le minist\u00e8re des Affaires sociales, des anciens combattants et de la r\u00e9adaptation des jeunes (MoSVY), Vanda et le vice-pr\u00e9sident du CAN ont \u00e9t\u00e9 nomm\u00e9s pour se joindre au groupe de travail technique charg\u00e9 de revoir la Politique Nationale du Vieillissement 2017-2030. Elle est \u00e9galement membre d&rsquo;un autre groupe de travail technique parmi 5 institutions, dont le MoSVY, le Bureau provincial des affaires sociales, des anciens combattants et de la r\u00e9adaptation des jeunes (PoSVY), Phare Ponleu Selpak (PPS), le R\u00e9seau cambodgien du vieillissement (CAN) et HelpAge Cambodge (HAC). ) pour le d\u00e9veloppement de mat\u00e9riels IEC et de production de vid\u00e9os li\u00e9s \u00e0 la politique nationale en mati\u00e8re de vieillissement et \u00e0 la discrimination fond\u00e9e sur l&rsquo;\u00e2ge.<\/p>\n\n\n\n<p>\u00abJe me suis senti tr\u00e8s responsabilis\u00e9 et motiv\u00e9 en \u00e9tant membre de ce groupe de travail technique avec MoSVY. Je pourrais dire que c&rsquo;est la premi\u00e8re fois que je me joins au gouvernement national pour travailler au niveau politique \u00bb.<\/p>\n","protected":false},"excerpt":{"rendered":"<p>Lorsque Mme Vanda a atteint l&rsquo;\u00e2ge obligatoire de la retraite de 60 ans, elle a d\u00fb se retirer de la fonction publique, m\u00eame si elle \u00e9tait encore tr\u00e8s active et capable de remplir toutes ses fonctions de directrice adjointe du d\u00e9partement provincial de la sant\u00e9 de Battambang. \u00c0 la retraite, elle se sentait d\u00e9prim\u00e9e et [&hellip;]<\/p>\n","protected":false},"featured_media":0,"template":"","categories":[],"tags":[],"class_list":["post-22231","stories","type-stories","status-publish","hentry"],"yoast_head":"<!-- This site is optimized with the Yoast SEO plugin v27.4 - https:\/\/yoast.com\/product\/yoast-seo-wordpress\/ -->\n<title>Mme Ou Vanda, \u00e0 travers le R\u00e9seau cambodgien sur le vieillissement, d\u00e9mystifie l&#039;\u00e2ge - Voice.Global<\/title>\n<meta name=\"description\" content=\"Lorsque Mme Vanda a atteint l&#039;\u00e2ge obligatoire de la retraite de 60 ans, elle a d\u00fb se retirer de la fonction publique, m\u00eame si elle \u00e9tait encore tr\u00e8s active et capable de remplir toutes ses fonctions de directrice adjointe du d\u00e9partement provincial de la sant\u00e9 de Battambang.\" \/>\n<meta name=\"robots\" content=\"index, follow, max-snippet:-1, max-image-preview:large, max-video-preview:-1\" \/>\n<link rel=\"canonical\" href=\"https:\/\/voice.global\/fr\/histoires\/mme-ou-vanda-a-travers-le-reseau-cambodgien-sur-le-vieillissement-demystifie-lage\/\" \/>\n<meta property=\"og:locale\" content=\"fr_FR\" \/>\n<meta property=\"og:type\" content=\"article\" \/>\n<meta property=\"og:title\" content=\"Mme Ou Vanda, \u00e0 travers le R\u00e9seau cambodgien sur le vieillissement, d\u00e9mystifie l&#039;\u00e2ge - Voice.Global\" \/>\n<meta property=\"og:description\" content=\"Lorsque Mme Vanda a atteint l&#039;\u00e2ge obligatoire de la retraite de 60 ans, elle a d\u00fb se retirer de la fonction publique, m\u00eame si elle \u00e9tait encore tr\u00e8s active et capable de remplir toutes ses fonctions de directrice adjointe du d\u00e9partement provincial de la sant\u00e9 de Battambang.\" \/>\n<meta property=\"og:url\" content=\"https:\/\/voice.global\/fr\/histoires\/mme-ou-vanda-a-travers-le-reseau-cambodgien-sur-le-vieillissement-demystifie-lage\/\" \/>\n<meta property=\"og:site_name\" content=\"Voice.Global\" \/>\n<meta property=\"article:modified_time\" content=\"2023-10-15T08:32:35+00:00\" \/>\n<meta name=\"twitter:card\" content=\"summary_large_image\" \/>\n<meta name=\"twitter:label1\" content=\"Dur\u00e9e de lecture estim\u00e9e\" \/>\n\t<meta name=\"twitter:data1\" content=\"4 minutes\" \/>\n<script type=\"application\/ld+json\" class=\"yoast-schema-graph\">{\"@context\":\"https:\\\/\\\/schema.org\",\"@graph\":[{\"@type\":\"WebPage\",\"@id\":\"https:\\\/\\\/voice.global\\\/fr\\\/histoires\\\/mme-ou-vanda-a-travers-le-reseau-cambodgien-sur-le-vieillissement-demystifie-lage\\\/\",\"url\":\"https:\\\/\\\/voice.global\\\/fr\\\/histoires\\\/mme-ou-vanda-a-travers-le-reseau-cambodgien-sur-le-vieillissement-demystifie-lage\\\/\",\"name\":\"Mme Ou Vanda, \u00e0 travers le R\u00e9seau cambodgien sur le vieillissement, d\u00e9mystifie l'\u00e2ge - Voice.Global\",\"isPartOf\":{\"@id\":\"https:\\\/\\\/voice.global\\\/#website\"},\"datePublished\":\"2023-10-15T08:32:32+00:00\",\"dateModified\":\"2023-10-15T08:32:35+00:00\",\"description\":\"Lorsque Mme Vanda a atteint l'\u00e2ge obligatoire de la retraite de 60 ans, elle a d\u00fb se retirer de la fonction publique, m\u00eame si elle \u00e9tait encore tr\u00e8s active et capable de remplir toutes ses fonctions de directrice adjointe du d\u00e9partement provincial de la sant\u00e9 de Battambang.\",\"breadcrumb\":{\"@id\":\"https:\\\/\\\/voice.global\\\/fr\\\/histoires\\\/mme-ou-vanda-a-travers-le-reseau-cambodgien-sur-le-vieillissement-demystifie-lage\\\/#breadcrumb\"},\"inLanguage\":\"fr-FR\",\"potentialAction\":[{\"@type\":\"ReadAction\",\"target\":[\"https:\\\/\\\/voice.global\\\/fr\\\/histoires\\\/mme-ou-vanda-a-travers-le-reseau-cambodgien-sur-le-vieillissement-demystifie-lage\\\/\"]}]},{\"@type\":\"BreadcrumbList\",\"@id\":\"https:\\\/\\\/voice.global\\\/fr\\\/histoires\\\/mme-ou-vanda-a-travers-le-reseau-cambodgien-sur-le-vieillissement-demystifie-lage\\\/#breadcrumb\",\"itemListElement\":[{\"@type\":\"ListItem\",\"position\":1,\"name\":\"Home\",\"item\":\"https:\\\/\\\/voice.global\\\/fr\\\/\"},{\"@type\":\"ListItem\",\"position\":2,\"name\":\"Stories\",\"item\":\"https:\\\/\\\/voice.global\\\/stories\\\/\"},{\"@type\":\"ListItem\",\"position\":3,\"name\":\"Mme Ou Vanda, \u00e0 travers le R\u00e9seau cambodgien sur le vieillissement, d\u00e9mystifie l&rsquo;\u00e2ge\"}]},{\"@type\":\"WebSite\",\"@id\":\"https:\\\/\\\/voice.global\\\/#website\",\"url\":\"https:\\\/\\\/voice.global\\\/\",\"name\":\"Voice.Global\",\"description\":\"Include - Innovate - Influence\",\"potentialAction\":[{\"@type\":\"SearchAction\",\"target\":{\"@type\":\"EntryPoint\",\"urlTemplate\":\"https:\\\/\\\/voice.global\\\/?s={search_term_string}\"},\"query-input\":{\"@type\":\"PropertyValueSpecification\",\"valueRequired\":true,\"valueName\":\"search_term_string\"}}],\"inLanguage\":\"fr-FR\"}]}<\/script>\n<!-- \/ Yoast SEO plugin. -->","yoast_head_json":{"title":"Mme Ou Vanda, \u00e0 travers le R\u00e9seau cambodgien sur le vieillissement, d\u00e9mystifie l'\u00e2ge - Voice.Global","description":"Lorsque Mme Vanda a atteint l'\u00e2ge obligatoire de la retraite de 60 ans, elle a d\u00fb se retirer de la fonction publique, m\u00eame si elle \u00e9tait encore tr\u00e8s active et capable de remplir toutes ses fonctions de directrice adjointe du d\u00e9partement provincial de la sant\u00e9 de Battambang.","robots":{"index":"index","follow":"follow","max-snippet":"max-snippet:-1","max-image-preview":"max-image-preview:large","max-video-preview":"max-video-preview:-1"},"canonical":"https:\/\/voice.global\/fr\/histoires\/mme-ou-vanda-a-travers-le-reseau-cambodgien-sur-le-vieillissement-demystifie-lage\/","og_locale":"fr_FR","og_type":"article","og_title":"Mme Ou Vanda, \u00e0 travers le R\u00e9seau cambodgien sur le vieillissement, d\u00e9mystifie l'\u00e2ge - Voice.Global","og_description":"Lorsque Mme Vanda a atteint l'\u00e2ge obligatoire de la retraite de 60 ans, elle a d\u00fb se retirer de la fonction publique, m\u00eame si elle \u00e9tait encore tr\u00e8s active et capable de remplir toutes ses fonctions de directrice adjointe du d\u00e9partement provincial de la sant\u00e9 de Battambang.","og_url":"https:\/\/voice.global\/fr\/histoires\/mme-ou-vanda-a-travers-le-reseau-cambodgien-sur-le-vieillissement-demystifie-lage\/","og_site_name":"Voice.Global","article_modified_time":"2023-10-15T08:32:35+00:00","twitter_card":"summary_large_image","twitter_misc":{"Dur\u00e9e de lecture estim\u00e9e":"4 minutes"},"schema":{"@context":"https:\/\/schema.org","@graph":[{"@type":"WebPage","@id":"https:\/\/voice.global\/fr\/histoires\/mme-ou-vanda-a-travers-le-reseau-cambodgien-sur-le-vieillissement-demystifie-lage\/","url":"https:\/\/voice.global\/fr\/histoires\/mme-ou-vanda-a-travers-le-reseau-cambodgien-sur-le-vieillissement-demystifie-lage\/","name":"Mme Ou Vanda, \u00e0 travers le R\u00e9seau cambodgien sur le vieillissement, d\u00e9mystifie l'\u00e2ge - Voice.Global","isPartOf":{"@id":"https:\/\/voice.global\/#website"},"datePublished":"2023-10-15T08:32:32+00:00","dateModified":"2023-10-15T08:32:35+00:00","description":"Lorsque Mme Vanda a atteint l'\u00e2ge obligatoire de la retraite de 60 ans, elle a d\u00fb se retirer de la fonction publique, m\u00eame si elle \u00e9tait encore tr\u00e8s active et capable de remplir toutes ses fonctions de directrice adjointe du d\u00e9partement provincial de la sant\u00e9 de Battambang.","breadcrumb":{"@id":"https:\/\/voice.global\/fr\/histoires\/mme-ou-vanda-a-travers-le-reseau-cambodgien-sur-le-vieillissement-demystifie-lage\/#breadcrumb"},"inLanguage":"fr-FR","potentialAction":[{"@type":"ReadAction","target":["https:\/\/voice.global\/fr\/histoires\/mme-ou-vanda-a-travers-le-reseau-cambodgien-sur-le-vieillissement-demystifie-lage\/"]}]},{"@type":"BreadcrumbList","@id":"https:\/\/voice.global\/fr\/histoires\/mme-ou-vanda-a-travers-le-reseau-cambodgien-sur-le-vieillissement-demystifie-lage\/#breadcrumb","itemListElement":[{"@type":"ListItem","position":1,"name":"Home","item":"https:\/\/voice.global\/fr\/"},{"@type":"ListItem","position":2,"name":"Stories","item":"https:\/\/voice.global\/stories\/"},{"@type":"ListItem","position":3,"name":"Mme Ou Vanda, \u00e0 travers le R\u00e9seau cambodgien sur le vieillissement, d\u00e9mystifie l&rsquo;\u00e2ge"}]},{"@type":"WebSite","@id":"https:\/\/voice.global\/#website","url":"https:\/\/voice.global\/","name":"Voice.Global","description":"Include - Innovate - Influence","potentialAction":[{"@type":"SearchAction","target":{"@type":"EntryPoint","urlTemplate":"https:\/\/voice.global\/?s={search_term_string}"},"query-input":{"@type":"PropertyValueSpecification","valueRequired":true,"valueName":"search_term_string"}}],"inLanguage":"fr-FR"}]}},"_links":{"self":[{"href":"https:\/\/voice.global\/fr\/wp-json\/wp\/v2\/stories\/22231","targetHints":{"allow":["GET"]}}],"collection":[{"href":"https:\/\/voice.global\/fr\/wp-json\/wp\/v2\/stories"}],"about":[{"href":"https:\/\/voice.global\/fr\/wp-json\/wp\/v2\/types\/stories"}],"wp:attachment":[{"href":"https:\/\/voice.global\/fr\/wp-json\/wp\/v2\/media?parent=22231"}],"wp:term":[{"taxonomy":"category","embeddable":true,"href":"https:\/\/voice.global\/fr\/wp-json\/wp\/v2\/categories?post=22231"},{"taxonomy":"post_tag","embeddable":true,"href":"https:\/\/voice.global\/fr\/wp-json\/wp\/v2\/tags?post=22231"}],"curies":[{"name":"wp","href":"https:\/\/api.w.org\/{rel}","templated":true}]}}