{"id":22218,"date":"2023-10-15T08:35:20","date_gmt":"2023-10-15T06:35:20","guid":{"rendered":"https:\/\/voice.global\/?post_type=stories&#038;p=22218"},"modified":"2023-10-15T08:35:23","modified_gmt":"2023-10-15T06:35:23","slug":"les-jeunes-se-lancent-dans-lagriculture-apres-le-programme-soyons-de-jeunes-agriculteurs","status":"publish","type":"stories","link":"https:\/\/voice.global\/fr\/histoires\/les-jeunes-se-lancent-dans-lagriculture-apres-le-programme-soyons-de-jeunes-agriculteurs\/","title":{"rendered":"Les jeunes se lancent dans l\u2019agriculture apr\u00e8s le programme &lsquo;Soyons de jeunes agriculteurs&rsquo;"},"content":{"rendered":"\n<p>Ariya, secr\u00e9taire adjoint de Karang Taruna Mandala Cipta, Kulon Progo, en parlant du programme Soyons de jeunes agriculteurs, a r\u00e9sum\u00e9 l&rsquo;impact du programme en d\u00e9clarant que&nbsp;:<\/p>\n\n\n\n<p>\u00ab\u00a0Cela nous incite \u00e0 r\u00e9fl\u00e9chir de mani\u00e8re cr\u00e9ative pour d\u00e9velopper notre potentiel local. D\u2019un autre c\u00f4t\u00e9, l\u2019agriculture peut \u00eatre notre cheminement de carri\u00e8re \u00e0 l\u2019avenir. Nous pouvons innover dans le domaine agricole et gagner de l\u2019argent gr\u00e2ce \u00e0 l\u2019agriculture. Nous pouvons \u00e9galement nous organiser nous-m\u00eames et nos partenaires pour avancer\u00a0\u00bb<\/p>\n\n\n\n<p>Avant la mise en \u0153uvre du programme, les jeunes de la r\u00e9gence de Kulon Progo ne voyaient pas grand-chose d&rsquo;avenir dans l&rsquo;agriculture et travailler la terre n&rsquo;\u00e9tait pas consid\u00e9r\u00e9 comme une option de carri\u00e8re viable. Quelques jeunes qui souhaitaient cultiver ont \u00e9t\u00e9 confront\u00e9s au d\u00e9fi de la m\u00e9diocrit\u00e9 des infrastructures rurales, de l&rsquo;acc\u00e8s \u00e0 la terre et du faible niveau d&rsquo;expertise agricole, de connaissances techniques et de comp\u00e9tences de l&rsquo;agriculture moderne. Gr\u00e2ce au programme \u00ab Soyons de jeunes agriculteurs \u00bb, les jeunes voient d\u00e9sormais un avenir et une carri\u00e8re viable dans l\u2019agriculture.<\/p>\n\n\n\n<p>Avant le programme Ardi, 23 ans, un jeune agriculteur de Cibiru, Sukabumi avait mentionn\u00e9 que dans son village les jeunes agriculteurs \u00e9taient tr\u00e8s peu nombreux et que d&rsquo;autres pourraient ne pas \u00eatre int\u00e9ress\u00e9s \u00e0 devenir agriculteurs. L\u2019agriculture n\u2019\u00e9tait pas consid\u00e9r\u00e9e comme un choix de carri\u00e8re viable. Une \u00e9tude men\u00e9e par AKATIGA a r\u00e9it\u00e9r\u00e9 que le secteur agricole en zone rurale avait un fort potentiel pour offrir aux jeunes un futur travail, mais que les jeunes int\u00e9ress\u00e9s par l&rsquo;agriculture \u00e9taient confront\u00e9s \u00e0 des d\u00e9fis tels que l&rsquo;acc\u00e8s \u00e0 la terre, de faibles niveaux de connaissances, de comp\u00e9tences et de technologies pour innover. autour de l\u2019agriculture ainsi qu\u2019une infrastructure rurale m\u00e9diocre. Ils se sentaient d\u00e9courag\u00e9s. AKATIGA a travaill\u00e9 avec Komunitas 1000 Kebun (communaut\u00e9 1000 Kebun) \u00e0 Bandung et Karang Taruna Mandala Cipta \u00e0 Kulon Progo en tant que groupe mod\u00e8le, ainsi qu&rsquo;avec un village de Kebumen et Sukabumi et a pu d\u00e9montrer son potentiel.<\/p>\n\n\n\n<p>Gr\u00e2ce \u00e0 l&rsquo;intervention, les deux groupes de jeunes de Sukabumi et de Kebumen ont r\u00e9ussi \u00e0 acc\u00e9der \u00e0 la terre. Le gouvernement s&rsquo;est engag\u00e9 \u00e0 offrir un soutien aux jeunes pour qu&rsquo;ils puissent poursuivre leurs activit\u00e9s agricoles. Ce soutien crucial manquait dans le pass\u00e9. Le terrain mis \u00e0 disposition des jeunes sur lequel ils peuvent planter du sorgho a \u00e9t\u00e9 \u00e9tendu \u00e0 8 000 m\u00e8tres carr\u00e9s contre 1 600 m\u00e8tres carr\u00e9s initiaux. Afin de soutenir la commercialisation des produits agricoles, le gouvernement s&rsquo;est mis en relation avec un partenaire commercial qui ach\u00e8tera le sorgho. Cela devrait fournir aux jeunes une source de revenus stable et les inciter \u00e0 poursuivre leur activit\u00e9 agricole. Apr\u00e8s avoir particip\u00e9 au programme, les jeunes ont acquis de nouvelles comp\u00e9tences dans les m\u00e9thodes agricoles innovantes, telles que la fabrication de compost organique et de pesticides. En utilisant des m\u00e9thodes innovantes, les groupes de jeunes urbains ont \u00e9t\u00e9 directement impliqu\u00e9s dans l&rsquo;assistance aux groupes de jeunes ruraux. La participation au programme donne aux jeunes beaucoup d&rsquo;exp\u00e9rience, de connaissances et d&rsquo;opportunit\u00e9s d&rsquo;apprendre des m\u00e9thodes agricoles innovantes et de cr\u00e9er de nouveaux r\u00e9seaux.<\/p>\n\n\n\n<p>L&rsquo;administration locale a chang\u00e9 son attitude envers les jeunes et leur accorde d\u00e9sormais une plus grande reconnaissance. Avant de s&rsquo;impliquer dans le programme, presque tous les participants n&rsquo;avaient jamais \u00e9t\u00e9 invit\u00e9s \u00e0 assister aux r\u00e9unions du village, mais cela a chang\u00e9. D\u00e9sormais, le gouvernement du village invite les jeunes \u00e0 certaines r\u00e9unions pertinentes. Cela a donn\u00e9 aux jeunes l&rsquo;occasion de s&rsquo;impliquer dans les processus de prise de d\u00e9cision dans le village. Esp\u00e9rons que cela ouvrira d\u2019autres voies d\u2019engagement social et politique. Ardi a conclu en disant, en r\u00e9f\u00e9rence au programme.<\/p>\n","protected":false},"excerpt":{"rendered":"<p>Ariya, secr\u00e9taire adjoint de Karang Taruna Mandala Cipta, Kulon Progo, en parlant du programme Soyons de jeunes agriculteurs, a r\u00e9sum\u00e9 l&rsquo;impact du programme en d\u00e9clarant que&nbsp;: \u00ab\u00a0Cela nous incite \u00e0 r\u00e9fl\u00e9chir de mani\u00e8re cr\u00e9ative pour d\u00e9velopper notre potentiel local. D\u2019un autre c\u00f4t\u00e9, l\u2019agriculture peut \u00eatre notre cheminement de carri\u00e8re \u00e0 l\u2019avenir. Nous pouvons innover dans [&hellip;]<\/p>\n","protected":false},"featured_media":0,"template":"","categories":[],"tags":[],"class_list":["post-22218","stories","type-stories","status-publish","hentry"],"yoast_head":"<!-- This site is optimized with the Yoast SEO plugin v27.4 - https:\/\/yoast.com\/product\/yoast-seo-wordpress\/ -->\n<title>Les jeunes se lancent dans l\u2019agriculture apr\u00e8s le programme &#039;Soyons de jeunes agriculteurs&#039; - Voice.Global<\/title>\n<meta name=\"description\" content=\"Avant la mise en \u0153uvre du programme, les jeunes de la r\u00e9gence de Kulon Progo ne voyaient pas grand-chose d&#039;avenir dans l&#039;agriculture et travailler la terre n&#039;\u00e9tait pas consid\u00e9r\u00e9 comme une option de carri\u00e8re viable. Quelques jeunes qui souhaitaient cultiver ont \u00e9t\u00e9 confront\u00e9s au d\u00e9fi de la m\u00e9diocrit\u00e9 des infrastructures rurales, de l&#039;acc\u00e8s \u00e0 la terre et du faible niveau d&#039;expertise agricole, de connaissances techniques et de comp\u00e9tences de l&#039;agriculture moderne. Gr\u00e2ce au programme \u00ab Soyons de jeunes agriculteurs \u00bb, les jeunes voient d\u00e9sormais un avenir et une carri\u00e8re viable dans l\u2019agriculture.\" \/>\n<meta name=\"robots\" content=\"index, follow, max-snippet:-1, max-image-preview:large, max-video-preview:-1\" \/>\n<link rel=\"canonical\" href=\"https:\/\/voice.global\/fr\/histoires\/les-jeunes-se-lancent-dans-lagriculture-apres-le-programme-soyons-de-jeunes-agriculteurs\/\" \/>\n<meta property=\"og:locale\" content=\"fr_FR\" \/>\n<meta property=\"og:type\" content=\"article\" \/>\n<meta property=\"og:title\" content=\"Les jeunes se lancent dans l\u2019agriculture apr\u00e8s le programme &#039;Soyons de jeunes agriculteurs&#039; - Voice.Global\" \/>\n<meta property=\"og:description\" content=\"Avant la mise en \u0153uvre du programme, les jeunes de la r\u00e9gence de Kulon Progo ne voyaient pas grand-chose d&#039;avenir dans l&#039;agriculture et travailler la terre n&#039;\u00e9tait pas consid\u00e9r\u00e9 comme une option de carri\u00e8re viable. Quelques jeunes qui souhaitaient cultiver ont \u00e9t\u00e9 confront\u00e9s au d\u00e9fi de la m\u00e9diocrit\u00e9 des infrastructures rurales, de l&#039;acc\u00e8s \u00e0 la terre et du faible niveau d&#039;expertise agricole, de connaissances techniques et de comp\u00e9tences de l&#039;agriculture moderne. Gr\u00e2ce au programme \u00ab Soyons de jeunes agriculteurs \u00bb, les jeunes voient d\u00e9sormais un avenir et une carri\u00e8re viable dans l\u2019agriculture.\" \/>\n<meta property=\"og:url\" content=\"https:\/\/voice.global\/fr\/histoires\/les-jeunes-se-lancent-dans-lagriculture-apres-le-programme-soyons-de-jeunes-agriculteurs\/\" \/>\n<meta property=\"og:site_name\" content=\"Voice.Global\" \/>\n<meta property=\"article:modified_time\" content=\"2023-10-15T06:35:23+00:00\" \/>\n<meta name=\"twitter:card\" content=\"summary_large_image\" \/>\n<meta name=\"twitter:label1\" content=\"Dur\u00e9e de lecture estim\u00e9e\" \/>\n\t<meta name=\"twitter:data1\" content=\"3 minutes\" \/>\n<script type=\"application\/ld+json\" class=\"yoast-schema-graph\">{\"@context\":\"https:\\\/\\\/schema.org\",\"@graph\":[{\"@type\":\"WebPage\",\"@id\":\"https:\\\/\\\/voice.global\\\/fr\\\/histoires\\\/les-jeunes-se-lancent-dans-lagriculture-apres-le-programme-soyons-de-jeunes-agriculteurs\\\/\",\"url\":\"https:\\\/\\\/voice.global\\\/fr\\\/histoires\\\/les-jeunes-se-lancent-dans-lagriculture-apres-le-programme-soyons-de-jeunes-agriculteurs\\\/\",\"name\":\"Les jeunes se lancent dans l\u2019agriculture apr\u00e8s le programme 'Soyons de jeunes agriculteurs' - Voice.Global\",\"isPartOf\":{\"@id\":\"https:\\\/\\\/voice.global\\\/#website\"},\"datePublished\":\"2023-10-15T06:35:20+00:00\",\"dateModified\":\"2023-10-15T06:35:23+00:00\",\"description\":\"Avant la mise en \u0153uvre du programme, les jeunes de la r\u00e9gence de Kulon Progo ne voyaient pas grand-chose d'avenir dans l'agriculture et travailler la terre n'\u00e9tait pas consid\u00e9r\u00e9 comme une option de carri\u00e8re viable. Quelques jeunes qui souhaitaient cultiver ont \u00e9t\u00e9 confront\u00e9s au d\u00e9fi de la m\u00e9diocrit\u00e9 des infrastructures rurales, de l'acc\u00e8s \u00e0 la terre et du faible niveau d'expertise agricole, de connaissances techniques et de comp\u00e9tences de l'agriculture moderne. Gr\u00e2ce au programme \u00ab Soyons de jeunes agriculteurs \u00bb, les jeunes voient d\u00e9sormais un avenir et une carri\u00e8re viable dans l\u2019agriculture.\",\"breadcrumb\":{\"@id\":\"https:\\\/\\\/voice.global\\\/fr\\\/histoires\\\/les-jeunes-se-lancent-dans-lagriculture-apres-le-programme-soyons-de-jeunes-agriculteurs\\\/#breadcrumb\"},\"inLanguage\":\"fr-FR\",\"potentialAction\":[{\"@type\":\"ReadAction\",\"target\":[\"https:\\\/\\\/voice.global\\\/fr\\\/histoires\\\/les-jeunes-se-lancent-dans-lagriculture-apres-le-programme-soyons-de-jeunes-agriculteurs\\\/\"]}]},{\"@type\":\"BreadcrumbList\",\"@id\":\"https:\\\/\\\/voice.global\\\/fr\\\/histoires\\\/les-jeunes-se-lancent-dans-lagriculture-apres-le-programme-soyons-de-jeunes-agriculteurs\\\/#breadcrumb\",\"itemListElement\":[{\"@type\":\"ListItem\",\"position\":1,\"name\":\"Home\",\"item\":\"https:\\\/\\\/voice.global\\\/fr\\\/\"},{\"@type\":\"ListItem\",\"position\":2,\"name\":\"Stories\",\"item\":\"https:\\\/\\\/voice.global\\\/histoires\\\/\"},{\"@type\":\"ListItem\",\"position\":3,\"name\":\"Les jeunes se lancent dans l\u2019agriculture apr\u00e8s le programme &lsquo;Soyons de jeunes agriculteurs&rsquo;\"}]},{\"@type\":\"WebSite\",\"@id\":\"https:\\\/\\\/voice.global\\\/#website\",\"url\":\"https:\\\/\\\/voice.global\\\/\",\"name\":\"Voice.Global\",\"description\":\"Include - Innovate - Influence\",\"potentialAction\":[{\"@type\":\"SearchAction\",\"target\":{\"@type\":\"EntryPoint\",\"urlTemplate\":\"https:\\\/\\\/voice.global\\\/?s={search_term_string}\"},\"query-input\":{\"@type\":\"PropertyValueSpecification\",\"valueRequired\":true,\"valueName\":\"search_term_string\"}}],\"inLanguage\":\"fr-FR\"}]}<\/script>\n<!-- \/ Yoast SEO plugin. -->","yoast_head_json":{"title":"Les jeunes se lancent dans l\u2019agriculture apr\u00e8s le programme 'Soyons de jeunes agriculteurs' - Voice.Global","description":"Avant la mise en \u0153uvre du programme, les jeunes de la r\u00e9gence de Kulon Progo ne voyaient pas grand-chose d'avenir dans l'agriculture et travailler la terre n'\u00e9tait pas consid\u00e9r\u00e9 comme une option de carri\u00e8re viable. Quelques jeunes qui souhaitaient cultiver ont \u00e9t\u00e9 confront\u00e9s au d\u00e9fi de la m\u00e9diocrit\u00e9 des infrastructures rurales, de l'acc\u00e8s \u00e0 la terre et du faible niveau d'expertise agricole, de connaissances techniques et de comp\u00e9tences de l'agriculture moderne. Gr\u00e2ce au programme \u00ab Soyons de jeunes agriculteurs \u00bb, les jeunes voient d\u00e9sormais un avenir et une carri\u00e8re viable dans l\u2019agriculture.","robots":{"index":"index","follow":"follow","max-snippet":"max-snippet:-1","max-image-preview":"max-image-preview:large","max-video-preview":"max-video-preview:-1"},"canonical":"https:\/\/voice.global\/fr\/histoires\/les-jeunes-se-lancent-dans-lagriculture-apres-le-programme-soyons-de-jeunes-agriculteurs\/","og_locale":"fr_FR","og_type":"article","og_title":"Les jeunes se lancent dans l\u2019agriculture apr\u00e8s le programme 'Soyons de jeunes agriculteurs' - Voice.Global","og_description":"Avant la mise en \u0153uvre du programme, les jeunes de la r\u00e9gence de Kulon Progo ne voyaient pas grand-chose d'avenir dans l'agriculture et travailler la terre n'\u00e9tait pas consid\u00e9r\u00e9 comme une option de carri\u00e8re viable. Quelques jeunes qui souhaitaient cultiver ont \u00e9t\u00e9 confront\u00e9s au d\u00e9fi de la m\u00e9diocrit\u00e9 des infrastructures rurales, de l'acc\u00e8s \u00e0 la terre et du faible niveau d'expertise agricole, de connaissances techniques et de comp\u00e9tences de l'agriculture moderne. Gr\u00e2ce au programme \u00ab Soyons de jeunes agriculteurs \u00bb, les jeunes voient d\u00e9sormais un avenir et une carri\u00e8re viable dans l\u2019agriculture.","og_url":"https:\/\/voice.global\/fr\/histoires\/les-jeunes-se-lancent-dans-lagriculture-apres-le-programme-soyons-de-jeunes-agriculteurs\/","og_site_name":"Voice.Global","article_modified_time":"2023-10-15T06:35:23+00:00","twitter_card":"summary_large_image","twitter_misc":{"Dur\u00e9e de lecture estim\u00e9e":"3 minutes"},"schema":{"@context":"https:\/\/schema.org","@graph":[{"@type":"WebPage","@id":"https:\/\/voice.global\/fr\/histoires\/les-jeunes-se-lancent-dans-lagriculture-apres-le-programme-soyons-de-jeunes-agriculteurs\/","url":"https:\/\/voice.global\/fr\/histoires\/les-jeunes-se-lancent-dans-lagriculture-apres-le-programme-soyons-de-jeunes-agriculteurs\/","name":"Les jeunes se lancent dans l\u2019agriculture apr\u00e8s le programme 'Soyons de jeunes agriculteurs' - Voice.Global","isPartOf":{"@id":"https:\/\/voice.global\/#website"},"datePublished":"2023-10-15T06:35:20+00:00","dateModified":"2023-10-15T06:35:23+00:00","description":"Avant la mise en \u0153uvre du programme, les jeunes de la r\u00e9gence de Kulon Progo ne voyaient pas grand-chose d'avenir dans l'agriculture et travailler la terre n'\u00e9tait pas consid\u00e9r\u00e9 comme une option de carri\u00e8re viable. Quelques jeunes qui souhaitaient cultiver ont \u00e9t\u00e9 confront\u00e9s au d\u00e9fi de la m\u00e9diocrit\u00e9 des infrastructures rurales, de l'acc\u00e8s \u00e0 la terre et du faible niveau d'expertise agricole, de connaissances techniques et de comp\u00e9tences de l'agriculture moderne. Gr\u00e2ce au programme \u00ab Soyons de jeunes agriculteurs \u00bb, les jeunes voient d\u00e9sormais un avenir et une carri\u00e8re viable dans l\u2019agriculture.","breadcrumb":{"@id":"https:\/\/voice.global\/fr\/histoires\/les-jeunes-se-lancent-dans-lagriculture-apres-le-programme-soyons-de-jeunes-agriculteurs\/#breadcrumb"},"inLanguage":"fr-FR","potentialAction":[{"@type":"ReadAction","target":["https:\/\/voice.global\/fr\/histoires\/les-jeunes-se-lancent-dans-lagriculture-apres-le-programme-soyons-de-jeunes-agriculteurs\/"]}]},{"@type":"BreadcrumbList","@id":"https:\/\/voice.global\/fr\/histoires\/les-jeunes-se-lancent-dans-lagriculture-apres-le-programme-soyons-de-jeunes-agriculteurs\/#breadcrumb","itemListElement":[{"@type":"ListItem","position":1,"name":"Home","item":"https:\/\/voice.global\/fr\/"},{"@type":"ListItem","position":2,"name":"Stories","item":"https:\/\/voice.global\/histoires\/"},{"@type":"ListItem","position":3,"name":"Les jeunes se lancent dans l\u2019agriculture apr\u00e8s le programme &lsquo;Soyons de jeunes agriculteurs&rsquo;"}]},{"@type":"WebSite","@id":"https:\/\/voice.global\/#website","url":"https:\/\/voice.global\/","name":"Voice.Global","description":"Include - Innovate - Influence","potentialAction":[{"@type":"SearchAction","target":{"@type":"EntryPoint","urlTemplate":"https:\/\/voice.global\/?s={search_term_string}"},"query-input":{"@type":"PropertyValueSpecification","valueRequired":true,"valueName":"search_term_string"}}],"inLanguage":"fr-FR"}]}},"_links":{"self":[{"href":"https:\/\/voice.global\/fr\/wp-json\/wp\/v2\/stories\/22218","targetHints":{"allow":["GET"]}}],"collection":[{"href":"https:\/\/voice.global\/fr\/wp-json\/wp\/v2\/stories"}],"about":[{"href":"https:\/\/voice.global\/fr\/wp-json\/wp\/v2\/types\/stories"}],"wp:attachment":[{"href":"https:\/\/voice.global\/fr\/wp-json\/wp\/v2\/media?parent=22218"}],"wp:term":[{"taxonomy":"category","embeddable":true,"href":"https:\/\/voice.global\/fr\/wp-json\/wp\/v2\/categories?post=22218"},{"taxonomy":"post_tag","embeddable":true,"href":"https:\/\/voice.global\/fr\/wp-json\/wp\/v2\/tags?post=22218"}],"curies":[{"name":"wp","href":"https:\/\/api.w.org\/{rel}","templated":true}]}}