{"id":13245,"date":"2021-03-24T10:51:52","date_gmt":"2021-03-24T09:51:52","guid":{"rendered":"https:\/\/voice.global\/?post_type=stories&#038;p=13245"},"modified":"2021-03-24T10:51:56","modified_gmt":"2021-03-24T09:51:56","slug":"nous-refusons-detre-oublies","status":"publish","type":"stories","link":"https:\/\/voice.global\/fr\/histoires\/nous-refusons-detre-oublies\/","title":{"rendered":"Nous refusons d&rsquo;\u00eatre oubli\u00e9s!"},"content":{"rendered":"\n<p><em><em>Par Rochelle S.\u202fAgualin,&nbsp;charg\u00e9e&nbsp;de d\u00e9veloppement communautaire, Coalition of Services of the Elderly, Inc. (COSE),<\/em>\u202f<em>Philippines<\/em>\u202f&nbsp;<\/em><\/p>\n\n\n\n<p class=\"has-text-align-center\"><strong><strong>Quand&nbsp;est-ce que&nbsp;tout a commenc\u00e9\u2026<\/strong>&nbsp;<\/strong><\/p>\n\n\n\n<p>Depuis de nombreuses ann\u00e9es, Mario\u202fNucup\u202fSunga\u00a0participe\u00a0\u00e0 des formations et \u00e0 des activit\u00e9s avec la\u202f<a rel=\"noreferrer noopener\" href=\"https:\/\/voice.global\/grantees\/enhancing-access-social-protection-programs\/\" target=\"_blank\">Coalition of Services of the Elderly, Inc<\/a> (COSE), un\u00a0partenaire d\u00b4influence\u00a0aux Philippines. En 2009, \u00e0 seulement 55 ans, Mario et d&rsquo;autres personnes \u00e2g\u00e9es de diverses r\u00e9gions de la <a rel=\"noreferrer noopener\" href=\"https:\/\/copap.wordpress.com\/\" target=\"_blank\">Conf\u00e9d\u00e9ration des personnes \u00e2g\u00e9es des Philippines<\/a>\u202f(COPAP) et du COSE ont organis\u00e9 une\u00a0d\u00e9monstration\u00a0le long de Mendiola, une\u00a0zone\u00a0de Manille, pour r\u00e9clamer une pension sociale.\u202fMario travaillait\u00a0en tant que membre de Lupon Barangay ou de\u00a0la\u202fmunicipalit\u00e9 de\u00a0Lupon\u202fo\u00f9 il est devenu responsable du personnel\u00a0en charge\u00a0des affaires des personnes \u00e2g\u00e9es (OSCA), et fut plus tard\u00a0\u00e9lu pr\u00e9sident de l&rsquo;Association des personnes \u00e2g\u00e9es de Barangay San Juan\u202fBano.\u00a0\u00a0<\/p>\n\n\n\n<p>Avant le lancement du projet d&rsquo;influence soutenu par Voice intitul\u00e9 <em>Am\u00e9liorer l&rsquo;acc\u00e8s \u00e0 la protection\u00a0sociale,<\/em>\u00a0Mario\u00a0n&rsquo;avait que peu connaissances  et de\u00a0prise de conscience\u00a0des\u00a0lois, politiques, droits et privil\u00e8ges des personnes \u00e2g\u00e9es.\u202fIl ne participait pas activement aux discussions de groupes\u00a0et n&rsquo;\u00e9tait pas suffisamment confiant pour exprimer ses points de vue et opinions lors des formations et des ateliers.\u00a0\u00a0<\/p>\n\n\n\n<div class=\"wp-block-image\"><figure class=\"aligncenter\"><img loading=\"lazy\" decoding=\"async\" width=\"1024\" height=\"683\" src=\"https:\/\/voice.global\/assets\/2019\/06\/Tatay-Mario-explaining-to-group-1024x683.jpg\" alt=\"Tatay Mario in action during the Orientation on Helpdesk and Community Monitoring\" class=\"wp-image-6712\" srcset=\"https:\/\/voice.global\/assets\/2019\/06\/Tatay-Mario-explaining-to-group-1024x683.jpg 1024w, https:\/\/voice.global\/assets\/2019\/06\/Tatay-Mario-explaining-to-group-300x200.jpg 300w, https:\/\/voice.global\/assets\/2019\/06\/Tatay-Mario-explaining-to-group-768x512.jpg 768w\" sizes=\"auto, (max-width: 1024px) 100vw, 1024px\" \/><figcaption>  <br><em>Tatay\u202fMario en action lors de l&rsquo;Orientation sur le Helpdesk et le suivi communautaire<\/em><\/figcaption><\/figure><\/div>\n\n\n\n<p>Apr\u00e8s avoir particip\u00e9 \u00e0 de nombreuses activit\u00e9s de renforcement des capacit\u00e9s parrain\u00e9es par le projet, telles que la formation\u00a0en\u00a0leadership, le renforcement des \u00e9quipes et la mobilisation des ressources, Mario souligne qu&rsquo;il peut d\u00e9sormais r\u00e9pondre\u00a0clairement\u00a0aux questions et en toute confiance, que ce soit sur la pension sociale ou sur les \u202fprogrammes\u202f de Philhealth.\u00a0<\/p>\n\n\n\n<p><em>\u00abPresque tous les jours, on me pose\u00a0des questions\u00a0du type\u202f:\u202fpourquoi je ne per\u00e7ois pas encore de pension sociale?\u202fJusqu&rsquo;\u00e0 quand vais-je\u00a0devoir\u00a0attendre ma pension?\u202fQuel est le crit\u00e8re du programme de pension sociale?\u202f Et  beaucoup\u00a0d&rsquo;autres questions encore.\u202fJe ne pense pas que j&rsquo;aurais pu r\u00e9pondre clairement \u00e0 ces questions si je n&rsquo;avais assist\u00e9 \u00e0 aucune formation du projet\u00bb,\u202f <\/em>admet\u202fTatay\u202fMario.<em>\u202f<\/em>\u00a0<\/p>\n\n\n\n<p>Les nombreuses activit\u00e9s propos\u00e9es par COSE lui ont offert beaucoup d&rsquo;opportunit\u00e9s et de nouvelles exp\u00e9riences.\u202f \u00abJ&rsquo;appr\u00e9cie vraiment la <a rel=\"noreferrer noopener\" href=\"https:\/\/voice.global\/blog\/learning-through-sharing-by-breaking-norms\/\" target=\"_blank\">session nationale de Lien et Apprentissage <\/a>que nous\u00a0avons eue en octobre 2018 \u00e0 Quezon City (Manille m\u00e9tropolitaine) car j&rsquo;ai eu l&rsquo;occasion de partager et d&rsquo;apprendre avec d&rsquo;autres personnes \u00e2g\u00e9es d&rsquo;autres\u00a0zones\u00a0du projet (Calumpit\u202fet\u202fHagonoy,\u00a0Bulacan).\u202f Nous avons beaucoup appris des exp\u00e9riences de\u00a0chacun.\u00a0\u00a0<\/p>\n\n\n\n<p><em>\u00abLa visite au S\u00e9nat des Philippines a \u00e9galement \u00e9t\u00e9 une nouvelle exp\u00e9rience pour moi. J&rsquo;ai\u00a0compris lesquels de\u00a0nos s\u00e9nateurs\u00a0sont\u00a0sensibles aux\u00a0probl\u00e8mes des personnes \u00e2g\u00e9es \u00bb,\u202f<\/em>partage\u202fTatay\u202fMario.<em>\u202f<\/em>\u00a0<\/p>\n\n\n\n<p><strong>L&rsquo;impact<\/strong>&nbsp;<\/p>\n\n\n\n<p>Tatay\u202fMario est l&rsquo;un des leaders des organisations pour personnes \u00e2g\u00e9es (OPO) les plus actifs et les mieux form\u00e9s des 30 barangays\u00a0d\u2019Arayat. Ses comp\u00e9tences et son talent sont reconnus par ses coll\u00e8gues leaders de l\u2019Arayat Senior Citizens Association, Inc. (ASCA).\u202f Lorsqu&rsquo;on demande aux\u00a0leaders\u00a0qui a la capacit\u00e9 d&rsquo;\u00eatre un b\u00e9n\u00e9vole du helpdesk,\u202fle nom de Tatay Mario ne manque jamais d\u00b4\u00eatre mentionn\u00e9.\u202fIl est \u00e9galement l&rsquo;un des rares\u00a0leaders\u00a0choisis\u00a0pour r\u00e9diger le protocole d&rsquo;accord (MOA) et la note conceptuelle pour le helpdesk, qui est l&rsquo;une des activit\u00e9s du projet.\u202f\u00a0<\/p>\n\n\n\n<p>Le parcours de\u202fTatay\u202fMario en tant que leader a connu ses propres hauts et bas. Il admet qu&rsquo;il y avait des moments o\u00f9 il \u00e9tait vraiment\u00a0d\u00e9courag\u00e9\u00a0non seulement \u00e0 cause des questions incessantes sur les prestations de retraite sociale, le\u00a0choix\u00a0et la validation des retrait\u00e9s, mais aussi \u00e0 cause de quelques personnes \u00e2g\u00e9es remettant en question sa r\u00e9sidence dans leur Barangay, et sugg\u00e9rant\u00a0qu&rsquo;il ne devrait pas \u00eatre\u00a0candidat\u00a0et \u00e9lu pr\u00e9sident de l&rsquo;organisation des seniors.\u00a0<\/p>\n\n\n\n<figure class=\"wp-block-image\"><img loading=\"lazy\" decoding=\"async\" width=\"1024\" height=\"663\" src=\"https:\/\/voice.global\/assets\/2019\/06\/Tatay-Mario-4-1024x663.jpg\" alt=\"COSE members, including Tatay Mario (centre) assessing content approval of the Radio Programme \" class=\"wp-image-6716\" srcset=\"https:\/\/voice.global\/assets\/2019\/06\/Tatay-Mario-4-1024x663.jpg 1024w, https:\/\/voice.global\/assets\/2019\/06\/Tatay-Mario-4-300x194.jpg 300w, https:\/\/voice.global\/assets\/2019\/06\/Tatay-Mario-4-768x497.jpg 768w\" sizes=\"auto, (max-width: 1024px) 100vw, 1024px\" \/><figcaption><em>Membres du COSE, y compris\u202fTatay\u202fMario (au centre), \u00e9valuant l&rsquo;approbation du contenu de l&rsquo;\u00e9mission radiophonique<\/em>&nbsp;<\/figcaption><\/figure>\n\n\n\n<p>Cependant, l&rsquo;id\u00e9e de d\u00e9missionner\u00a0n&rsquo;a jamais \u00e9t\u00e9 une option car il a ressenti le soutien et l&rsquo;amour du\u00a0plus grand nombre de personnes \u00e2g\u00e9es non seulement de leur communaut\u00e9, mais aussi de ses coll\u00e8gues\u00a0leaders\u00a0OPO de\u00a0l\u2019ASCA.\u202f<em>\u00abDans\u202fles moments difficiles, je me rappelle toujours d&rsquo;\u00eatre plus calme et patient. Je me concentre et passe la plupart de mon temps sur des sujets plus importants comme\u00a0organiser\u00a0notre association, \u00e9duquer et informer mes coll\u00e8gues personnes \u00e2g\u00e9es\u00a0sur\u00a0leurs\u00a0allocations\u00a0et droits, assister \u00e0 des formations, des ateliers pour am\u00e9liorer mes comp\u00e9tences et \u00eatre plus inform\u00e9 sur ce qui arrive aux personnes \u00e2g\u00e9es ici et dans le monde.\u202f\u00bb\u00a0<\/em>\u00a0<\/p>\n\n\n\n<p><strong>Et ensuite?<\/strong>&nbsp;<\/p>\n\n\n\n<p>Tatay\u202fMario affirme\u00a0que chaque fois qu&rsquo;il rentrait chez lui \u00e0 Brooke&rsquo;s Point\u202f <em>(une<\/em>\u00a0municipalit\u00e9 de Palawan), il \u00e9tait toujours invit\u00e9 par les agents de l&rsquo;Association des personnes \u00e2g\u00e9es\u00a0pour assister \u00e0 leurs r\u00e9unions, partager ses connaissances sur les questions concernant les droits et les allocations des personnes \u00e2g\u00e9es et ses exp\u00e9riences\u00a0en tant que leader\u00a0\u00e0 Arayat.\u202f\u00a0 <\/p>\n\n\n\n<p><em>\u00ab\u202fJe suis plus confiant lorsque je parle devant des groupes de personnes \u00e2g\u00e9es, en particulier lorsque je discute de nos droits et privil\u00e8ges.\u202fLa formation sur la radiodiffusion ainsi que les six mois\u00a0pass\u00e9s en tant qu\u2019invit\u00e9 \u00e0 la radio ont \u00e9galement am\u00e9lior\u00e9 mes comp\u00e9tences en communication\u00bb,\u202f<\/em> explique Tatay Mario. <em>\u202f<\/em>\u00a0<\/p>\n\n\n\n<p>Et d&rsquo;ajouter: <em>\u00abParfois, les gens me demandent pourquoi je perds mon temps et mon \u00e9nergie \u00e0 travailler si dur pour les seniors alors que je\u00a0ne re\u00e7ois pas d&rsquo;argent pour cela. Mais honn\u00eatement, je ne pouvais pas penser \u00e0 une meilleure fa\u00e7on de passer mes derni\u00e8res ann\u00e9es que de travailler avec et pour les personnes \u00e2g\u00e9es \u00bb.<\/em>\u202f\u00a0<\/p>\n\n\n\n<p>Au cours de l&rsquo;activit\u00e9 d&rsquo;orientation sur la situation,\u00a0les lois et politiques concernant les personnes \u00e2g\u00e9es,\u202fTatay\u202fMario,\u00a0tr\u00e8s\u00a0\u00e9mu,\u00a0a dit\u00a0ceci\u00a0: <em>\u00abJe participe aux activit\u00e9s du COSE depuis tant d&rsquo;ann\u00e9es d\u00e9j\u00e0, mais c&rsquo;est la premi\u00e8re fois que je ressens un tel bonheur.\u202fTout cela, nous\u00a0tous, se tenant la main et chantant ensemble, est quelque chose dont je me souviendrai toujours parce que j&rsquo;ai ressenti la\u202fsinc\u00e9rit\u00e9 et l&rsquo;amour au sein du groupe. Honn\u00eatement, je n&rsquo;ai jamais \u00e9t\u00e9 aussi heureux.\u202fGrand merci\u00a0\u00e0\u00a0nous\u00a0tous\u00a0ici et au projet COSE-VOICE \u00bb.<\/em>\u202f\u00a0<\/p>\n\n\n\n<figure class=\"wp-block-image\"><img loading=\"lazy\" decoding=\"async\" width=\"1024\" height=\"561\" src=\"https:\/\/voice.global\/assets\/2019\/06\/COSE-group-1-1024x561.jpg\" alt=\"Tatay Mario with other Voice project participants during the 2018 Elder Filipino Week celebration\" class=\"wp-image-6728\" srcset=\"https:\/\/voice.global\/assets\/2019\/06\/COSE-group-1-1024x561.jpg 1024w, https:\/\/voice.global\/assets\/2019\/06\/COSE-group-1-300x164.jpg 300w, https:\/\/voice.global\/assets\/2019\/06\/COSE-group-1-768x421.jpg 768w\" sizes=\"auto, (max-width: 1024px) 100vw, 1024px\" \/><figcaption><em>Tatay\u202fMario avec d&rsquo;autres participants au projet Voice lors de la c\u00e9l\u00e9bration&nbsp;en 2018&nbsp;de la Semaine des&nbsp;Seniors&nbsp;Philippins<\/em>&nbsp;<\/figcaption><\/figure>\n\n\n\n<p>Un&nbsp;grand&nbsp;merci \u00e0\u202fTatay\u202fMario dont les paroles ont&nbsp;jou\u00e9 un r\u00f4le cl\u00e9 dans l&rsquo;\u00e9laboration&nbsp;de cet article.&nbsp;<\/p>\n","protected":false},"excerpt":{"rendered":"<p>Par Rochelle S.\u202fAgualin,&nbsp;charg\u00e9e&nbsp;de d\u00e9veloppement communautaire, Coalition of Services of the Elderly, Inc. (COSE),\u202fPhilippines\u202f&nbsp; Quand&nbsp;est-ce que&nbsp;tout a commenc\u00e9\u2026&nbsp; Depuis de nombreuses ann\u00e9es, Mario\u202fNucup\u202fSunga\u00a0participe\u00a0\u00e0 des formations et \u00e0 des activit\u00e9s avec la\u202fCoalition of Services of the Elderly, Inc (COSE), un\u00a0partenaire d\u00b4influence\u00a0aux Philippines. En 2009, \u00e0 seulement 55 ans, Mario et d&rsquo;autres personnes \u00e2g\u00e9es de diverses r\u00e9gions de [&hellip;]<\/p>\n","protected":false},"featured_media":6720,"template":"","categories":[],"tags":[],"class_list":["post-13245","stories","type-stories","status-publish","has-post-thumbnail","hentry"],"yoast_head":"<!-- This site is optimized with the Yoast SEO plugin v27.4 - https:\/\/yoast.com\/product\/yoast-seo-wordpress\/ -->\n<title>Nous refusons d&#039;\u00eatre oubli\u00e9s! - Voice.Global<\/title>\n<meta name=\"robots\" content=\"index, follow, max-snippet:-1, max-image-preview:large, max-video-preview:-1\" \/>\n<link rel=\"canonical\" href=\"https:\/\/voice.global\/fr\/histoires\/nous-refusons-detre-oublies\/\" \/>\n<meta property=\"og:locale\" content=\"fr_FR\" \/>\n<meta property=\"og:type\" content=\"article\" \/>\n<meta property=\"og:title\" content=\"Nous refusons d&#039;\u00eatre oubli\u00e9s! - Voice.Global\" \/>\n<meta property=\"og:description\" content=\"Par Rochelle S.\u202fAgualin,&nbsp;charg\u00e9e&nbsp;de d\u00e9veloppement communautaire, Coalition of Services of the Elderly, Inc. (COSE),\u202fPhilippines\u202f&nbsp; Quand&nbsp;est-ce que&nbsp;tout a commenc\u00e9\u2026&nbsp; Depuis de nombreuses ann\u00e9es, Mario\u202fNucup\u202fSunga\u00a0participe\u00a0\u00e0 des formations et \u00e0 des activit\u00e9s avec la\u202fCoalition of Services of the Elderly, Inc (COSE), un\u00a0partenaire d\u00b4influence\u00a0aux Philippines. En 2009, \u00e0 seulement 55 ans, Mario et d&rsquo;autres personnes \u00e2g\u00e9es de diverses r\u00e9gions de [&hellip;]\" \/>\n<meta property=\"og:url\" content=\"https:\/\/voice.global\/fr\/histoires\/nous-refusons-detre-oublies\/\" \/>\n<meta property=\"og:site_name\" content=\"Voice.Global\" \/>\n<meta property=\"article:modified_time\" content=\"2021-03-24T09:51:56+00:00\" \/>\n<meta property=\"og:image\" content=\"https:\/\/voice.global\/assets\/2019\/06\/Tatay-Mario-editted-.jpg\" \/>\n\t<meta property=\"og:image:width\" content=\"5120\" \/>\n\t<meta property=\"og:image:height\" content=\"2443\" \/>\n\t<meta property=\"og:image:type\" content=\"image\/jpeg\" \/>\n<meta name=\"twitter:card\" content=\"summary_large_image\" \/>\n<meta name=\"twitter:label1\" content=\"Dur\u00e9e de lecture estim\u00e9e\" \/>\n\t<meta name=\"twitter:data1\" content=\"6 minutes\" \/>\n<script type=\"application\/ld+json\" class=\"yoast-schema-graph\">{\"@context\":\"https:\\\/\\\/schema.org\",\"@graph\":[{\"@type\":\"WebPage\",\"@id\":\"https:\\\/\\\/voice.global\\\/fr\\\/histoires\\\/nous-refusons-detre-oublies\\\/\",\"url\":\"https:\\\/\\\/voice.global\\\/fr\\\/histoires\\\/nous-refusons-detre-oublies\\\/\",\"name\":\"Nous refusons d'\u00eatre oubli\u00e9s! - Voice.Global\",\"isPartOf\":{\"@id\":\"https:\\\/\\\/voice.global\\\/#website\"},\"primaryImageOfPage\":{\"@id\":\"https:\\\/\\\/voice.global\\\/fr\\\/histoires\\\/nous-refusons-detre-oublies\\\/#primaryimage\"},\"image\":{\"@id\":\"https:\\\/\\\/voice.global\\\/fr\\\/histoires\\\/nous-refusons-detre-oublies\\\/#primaryimage\"},\"thumbnailUrl\":\"https:\\\/\\\/voice.global\\\/assets\\\/2019\\\/06\\\/Tatay-Mario-editted-.jpg\",\"datePublished\":\"2021-03-24T09:51:52+00:00\",\"dateModified\":\"2021-03-24T09:51:56+00:00\",\"breadcrumb\":{\"@id\":\"https:\\\/\\\/voice.global\\\/fr\\\/histoires\\\/nous-refusons-detre-oublies\\\/#breadcrumb\"},\"inLanguage\":\"fr-FR\",\"potentialAction\":[{\"@type\":\"ReadAction\",\"target\":[\"https:\\\/\\\/voice.global\\\/fr\\\/histoires\\\/nous-refusons-detre-oublies\\\/\"]}]},{\"@type\":\"ImageObject\",\"inLanguage\":\"fr-FR\",\"@id\":\"https:\\\/\\\/voice.global\\\/fr\\\/histoires\\\/nous-refusons-detre-oublies\\\/#primaryimage\",\"url\":\"https:\\\/\\\/voice.global\\\/assets\\\/2019\\\/06\\\/Tatay-Mario-editted-.jpg\",\"contentUrl\":\"https:\\\/\\\/voice.global\\\/assets\\\/2019\\\/06\\\/Tatay-Mario-editted-.jpg\",\"width\":5120,\"height\":2443,\"caption\":\"Tatay Mario\"},{\"@type\":\"BreadcrumbList\",\"@id\":\"https:\\\/\\\/voice.global\\\/fr\\\/histoires\\\/nous-refusons-detre-oublies\\\/#breadcrumb\",\"itemListElement\":[{\"@type\":\"ListItem\",\"position\":1,\"name\":\"Home\",\"item\":\"https:\\\/\\\/voice.global\\\/fr\\\/\"},{\"@type\":\"ListItem\",\"position\":2,\"name\":\"Stories\",\"item\":\"https:\\\/\\\/voice.global\\\/stories\\\/\"},{\"@type\":\"ListItem\",\"position\":3,\"name\":\"Nous refusons d&rsquo;\u00eatre oubli\u00e9s!\"}]},{\"@type\":\"WebSite\",\"@id\":\"https:\\\/\\\/voice.global\\\/#website\",\"url\":\"https:\\\/\\\/voice.global\\\/\",\"name\":\"Voice.Global\",\"description\":\"Include - Innovate - Influence\",\"potentialAction\":[{\"@type\":\"SearchAction\",\"target\":{\"@type\":\"EntryPoint\",\"urlTemplate\":\"https:\\\/\\\/voice.global\\\/?s={search_term_string}\"},\"query-input\":{\"@type\":\"PropertyValueSpecification\",\"valueRequired\":true,\"valueName\":\"search_term_string\"}}],\"inLanguage\":\"fr-FR\"}]}<\/script>\n<!-- \/ Yoast SEO plugin. -->","yoast_head_json":{"title":"Nous refusons d'\u00eatre oubli\u00e9s! - Voice.Global","robots":{"index":"index","follow":"follow","max-snippet":"max-snippet:-1","max-image-preview":"max-image-preview:large","max-video-preview":"max-video-preview:-1"},"canonical":"https:\/\/voice.global\/fr\/histoires\/nous-refusons-detre-oublies\/","og_locale":"fr_FR","og_type":"article","og_title":"Nous refusons d'\u00eatre oubli\u00e9s! - Voice.Global","og_description":"Par Rochelle S.\u202fAgualin,&nbsp;charg\u00e9e&nbsp;de d\u00e9veloppement communautaire, Coalition of Services of the Elderly, Inc. (COSE),\u202fPhilippines\u202f&nbsp; Quand&nbsp;est-ce que&nbsp;tout a commenc\u00e9\u2026&nbsp; Depuis de nombreuses ann\u00e9es, Mario\u202fNucup\u202fSunga\u00a0participe\u00a0\u00e0 des formations et \u00e0 des activit\u00e9s avec la\u202fCoalition of Services of the Elderly, Inc (COSE), un\u00a0partenaire d\u00b4influence\u00a0aux Philippines. En 2009, \u00e0 seulement 55 ans, Mario et d&rsquo;autres personnes \u00e2g\u00e9es de diverses r\u00e9gions de [&hellip;]","og_url":"https:\/\/voice.global\/fr\/histoires\/nous-refusons-detre-oublies\/","og_site_name":"Voice.Global","article_modified_time":"2021-03-24T09:51:56+00:00","og_image":[{"width":5120,"height":2443,"url":"https:\/\/voice.global\/assets\/2019\/06\/Tatay-Mario-editted-.jpg","type":"image\/jpeg"}],"twitter_card":"summary_large_image","twitter_misc":{"Dur\u00e9e de lecture estim\u00e9e":"6 minutes"},"schema":{"@context":"https:\/\/schema.org","@graph":[{"@type":"WebPage","@id":"https:\/\/voice.global\/fr\/histoires\/nous-refusons-detre-oublies\/","url":"https:\/\/voice.global\/fr\/histoires\/nous-refusons-detre-oublies\/","name":"Nous refusons d'\u00eatre oubli\u00e9s! - Voice.Global","isPartOf":{"@id":"https:\/\/voice.global\/#website"},"primaryImageOfPage":{"@id":"https:\/\/voice.global\/fr\/histoires\/nous-refusons-detre-oublies\/#primaryimage"},"image":{"@id":"https:\/\/voice.global\/fr\/histoires\/nous-refusons-detre-oublies\/#primaryimage"},"thumbnailUrl":"https:\/\/voice.global\/assets\/2019\/06\/Tatay-Mario-editted-.jpg","datePublished":"2021-03-24T09:51:52+00:00","dateModified":"2021-03-24T09:51:56+00:00","breadcrumb":{"@id":"https:\/\/voice.global\/fr\/histoires\/nous-refusons-detre-oublies\/#breadcrumb"},"inLanguage":"fr-FR","potentialAction":[{"@type":"ReadAction","target":["https:\/\/voice.global\/fr\/histoires\/nous-refusons-detre-oublies\/"]}]},{"@type":"ImageObject","inLanguage":"fr-FR","@id":"https:\/\/voice.global\/fr\/histoires\/nous-refusons-detre-oublies\/#primaryimage","url":"https:\/\/voice.global\/assets\/2019\/06\/Tatay-Mario-editted-.jpg","contentUrl":"https:\/\/voice.global\/assets\/2019\/06\/Tatay-Mario-editted-.jpg","width":5120,"height":2443,"caption":"Tatay Mario"},{"@type":"BreadcrumbList","@id":"https:\/\/voice.global\/fr\/histoires\/nous-refusons-detre-oublies\/#breadcrumb","itemListElement":[{"@type":"ListItem","position":1,"name":"Home","item":"https:\/\/voice.global\/fr\/"},{"@type":"ListItem","position":2,"name":"Stories","item":"https:\/\/voice.global\/stories\/"},{"@type":"ListItem","position":3,"name":"Nous refusons d&rsquo;\u00eatre oubli\u00e9s!"}]},{"@type":"WebSite","@id":"https:\/\/voice.global\/#website","url":"https:\/\/voice.global\/","name":"Voice.Global","description":"Include - Innovate - Influence","potentialAction":[{"@type":"SearchAction","target":{"@type":"EntryPoint","urlTemplate":"https:\/\/voice.global\/?s={search_term_string}"},"query-input":{"@type":"PropertyValueSpecification","valueRequired":true,"valueName":"search_term_string"}}],"inLanguage":"fr-FR"}]}},"_links":{"self":[{"href":"https:\/\/voice.global\/fr\/wp-json\/wp\/v2\/stories\/13245","targetHints":{"allow":["GET"]}}],"collection":[{"href":"https:\/\/voice.global\/fr\/wp-json\/wp\/v2\/stories"}],"about":[{"href":"https:\/\/voice.global\/fr\/wp-json\/wp\/v2\/types\/stories"}],"wp:featuredmedia":[{"embeddable":true,"href":"https:\/\/voice.global\/fr\/wp-json\/wp\/v2\/media\/6720"}],"wp:attachment":[{"href":"https:\/\/voice.global\/fr\/wp-json\/wp\/v2\/media?parent=13245"}],"wp:term":[{"taxonomy":"category","embeddable":true,"href":"https:\/\/voice.global\/fr\/wp-json\/wp\/v2\/categories?post=13245"},{"taxonomy":"post_tag","embeddable":true,"href":"https:\/\/voice.global\/fr\/wp-json\/wp\/v2\/tags?post=13245"}],"curies":[{"name":"wp","href":"https:\/\/api.w.org\/{rel}","templated":true}]}}