{"id":13328,"date":"2021-06-09T11:14:23","date_gmt":"2021-06-09T09:14:23","guid":{"rendered":"https:\/\/voice.global\/?p=13328"},"modified":"2021-06-09T11:14:25","modified_gmt":"2021-06-09T09:14:25","slug":"declaration-du-reseau-des-femmes-autochtones-dasie-et-du-pacte-des-peuples-autochtones-dasie","status":"publish","type":"post","link":"https:\/\/voice.global\/fr\/declaration-du-reseau-des-femmes-autochtones-dasie-et-du-pacte-des-peuples-autochtones-dasie\/","title":{"rendered":"D\u00e9claration du R\u00e9seau des femmes autochtones d&rsquo;Asie et du Pacte des peuples autochtones d&rsquo;Asie"},"content":{"rendered":"\n<p>Ceci est une d\u00e9claration conjointe du&nbsp;Network of Indigenous Women&nbsp;in Asia (NIWA en anglais)&nbsp;et&nbsp;le Asia&nbsp;Indigenous Peoples Pact (AIPP en anglais), R\u00e9seau des&nbsp;femmes autochtones d&rsquo;Asie&nbsp;et du Pacte&nbsp;des peuples autochtones d&rsquo;Asie, faite le 22 juin 2020.&nbsp;L\u2019<a rel=\"noreferrer noopener\" href=\"https:\/\/voice.global\/grantees\/enabling-indigenous-peoples-engage-sustainable-development-processes\/\" target=\"_blank\">AIPP<\/a>\u202fest un&nbsp;partenaire d\u00b4influence&nbsp;multi-pays de Voice et NIWA est l&rsquo;un de&nbsp;ses&nbsp;membres.&nbsp;&nbsp;<\/p>\n\n\n\n<p><strong>La pand\u00e9mie&nbsp;<\/strong><strong>de&nbsp;<\/strong><strong>COVID-19&nbsp;<\/strong><strong>accro\u00eet<\/strong><strong>&nbsp;le fardeau et la vuln\u00e9rabilit\u00e9 des femmes autochtones en Asie<\/strong>&nbsp;<\/p>\n\n\n\n<p>La pand\u00e9mie&nbsp;de&nbsp;COVID-19 a menac\u00e9 l&rsquo;humanit\u00e9 et le bien-\u00eatre dans le monde.\u202f La gravit\u00e9 de son impact sur les peuples autochtones, en particulier les femmes et les filles autochtones, les personnes&nbsp;autochtones en situation de&nbsp;handicap et les personnes \u00e2g\u00e9es,&nbsp;est disproportionn\u00e9e et grave en Asie.\u202f Ces personnes&nbsp;font&nbsp;face \u00e0 des risques sanitaires graves, \u00e0 l&rsquo;ins\u00e9curit\u00e9 alimentaire, \u00e0 la perte d&#8217;emplois et de moyens de subsistance, \u00e0&nbsp; l&rsquo;augmentation de la&nbsp;violence (contre les femmes&nbsp;et les&nbsp;autochtones) et \u00e0 des menaces de mort en raison de la campagne militaire et des attaques intensives sur leurs terres et territoires.&nbsp;&nbsp;<\/p>\n\n\n\n<p>Pendant cette pand\u00e9mie, les r\u00e9ponses humanitaires insuffisantes, un acc\u00e8s limit\u00e9 \u00e0 l&rsquo;information, aux services de base et aux filets de s\u00e9curit\u00e9, les infrastructures sanitaires pr\u00e9caires et m\u00e9diocres, la discrimination raciale et sexiste, une participation limit\u00e9e \u00e0 la prise de d\u00e9cision mettent leurs droits humains en p\u00e9ril.\u202fL&rsquo;expansion de la militarisation dans diff\u00e9rents pays d&rsquo;Asie\u202fnourrit&nbsp;les\u202fmenaces qui p\u00e8sent sur les peuples autochtones, en particulier les femmes autochtones qui ont des responsabilit\u00e9s suppl\u00e9mentaires pour faire face \u00e0 la pand\u00e9mie.&nbsp;<\/p>\n\n\n\n<p>Les femmes sont toujours en premi\u00e8re ligne pour nourrir&nbsp;(physiquement et mentalement)&nbsp;leurs familles, leurs communaut\u00e9s et l&rsquo;humanit\u00e9.\u202fAu cours de cette crise sanitaire, plusieurs femmes autochtones ont pris les devants avec&nbsp;des&nbsp;r\u00e9ponses&nbsp;et des mesures exemplaires pour prot\u00e9ger leurs communaut\u00e9s et r\u00e9pondre \u00e0 leurs demandes alimentaires.&nbsp;<\/p>\n\n\n\n<p>Malheureusement, la pand\u00e9mie est utilis\u00e9e comme couverture pour violer les droits des&nbsp;personnes autochtones&nbsp;sur leurs terres, territoires et ressources par des gouvernements&nbsp;d\u00b4Asie&nbsp;comme l&rsquo;Inde, le Bangladesh, le Cambodge, l&rsquo;Indon\u00e9sie, les Philippines et le Myanmar, etc. Par exemple, le D\u00e9partement de l&rsquo;agriculture (DA) et la Commission nationale sur les peuples autochtones (NCIP), ont \u00e9labor\u00e9 une proposition conjointe pour entreprendre le programme \u00ab\u202f<strong>Plant, Plant, Plant\u202f<\/strong>\u00bb destin\u00e9 \u00e0 saisir les terres ancestrales&nbsp;aux Philippines&nbsp;pendant cette crise.&nbsp;<\/p>\n\n\n\n<p>En outre, la pand\u00e9mie a \u00e9t\u00e9 utilis\u00e9e comme m\u00e9canisme d&rsquo;\u00c9tat pour contrer et r\u00e9primer les mouvements autochtones dans certains pays.\u202fLa campagne militaire et la mobilisation des forces \u00e9tatiques ont eu de graves cons\u00e9quences comme le d\u00e9placement de milliers de personnes de leurs maisons, la&nbsp;d\u00e9nonciation&nbsp;(code rouge), la diffamation, le harc\u00e8lement, l&rsquo;intimidation, les menaces, les fausses accusations, les arrestations et les&nbsp;emprisonnements.&nbsp;<\/p>\n\n\n\n<p>Les femmes autochtones ont \u00e9galement \u00e9t\u00e9 gravement touch\u00e9es par les actions susmentionn\u00e9es de l&rsquo;\u00c9tat.\u202fL&rsquo;AIPP, la NIWA et leurs membres ont re\u00e7u des informations faisant \u00e9tat de harc\u00e8lements, de viols, de tentatives&nbsp;de viol, d&#8217;emprisonnements&nbsp;et de meurtres&nbsp;de femmes autochtones d\u00e9fenseures des droits humains.\u202fPar exemple, aux Philippines, 3 femmes autochtones d\u00e9fenseures des droits humains ont \u00e9t\u00e9 emprisonn\u00e9es et,&nbsp;en Tha\u00eflande, une femme&nbsp;a \u00e9t\u00e9&nbsp;victime de harc\u00e8lement par les forces de s\u00e9curit\u00e9 pendant cette p\u00e9riode difficile.&nbsp;<\/p>\n\n\n\n<p>Toutefois, ce ne sont pas seulement les actions de l&rsquo;\u00c9tat qui ont eu un impact sur les femmes autochtones.\u202fLa s\u00fbret\u00e9 et la s\u00e9curit\u00e9 des femmes et des filles autochtones (y compris les femmes&nbsp;en situation de&nbsp;handicap) pendant le&nbsp;confinement&nbsp;ont \u00e9t\u00e9 menac\u00e9es&nbsp;\u00e0 cause de l\u00b4accroissement&nbsp;de la&nbsp;violence sexiste telle que la violence domestique, le harc\u00e8lement et le viol (au sein des familles et des communaut\u00e9s), m\u00eame dans les centres publics de quarantaine.&nbsp;Au Bangladesh, 11 femmes autochtones ont \u00e9t\u00e9 victimes de violences bas\u00e9es sur le genre, dont une&nbsp;a perdu la&nbsp;vie (d&rsquo;apr\u00e8s les donn\u00e9es&nbsp;recueillies gr\u00e2ce au monitoring&nbsp;des m\u00e9dias par l&rsquo;AIPP en mars-mai 2020)&nbsp;<\/p>\n\n\n\n<p>Les voix des femmes autochtones ont \u00e9t\u00e9 r\u00e9prim\u00e9es et dispers\u00e9es de mani\u00e8re disproportionn\u00e9e en raison des&nbsp;confinements&nbsp;et des restrictions interdisant les rassemblements de masse et les restrictions de mouvement.\u202f Les cas ne sont souvent pas signal\u00e9s en raison de la pression sociale et du manque d&rsquo;information&nbsp;sur les proc\u00e9dures de d\u00e9p\u00f4t de plaintes&nbsp;ainsi qu&rsquo;au manque\u202fd&rsquo;acc\u00e8s au syst\u00e8me judiciaire.\u202fDans le m\u00eame temps, l&rsquo;attention et la couverture des&nbsp;grands&nbsp;m\u00e9dias sur les femmes autochtones, y compris les personnes&nbsp;en situation de&nbsp;handicap, restent limit\u00e9es.\u202fPar cons\u00e9quent, l&rsquo;attention sur&nbsp;la question des femmes et des filles autochtones est s\u00e9rieusement n\u00e9glig\u00e9e pendant la pand\u00e9mie.\u202f\u00c0 l&rsquo;\u00e9chelle mondiale, le d\u00e9bat sur les \u00ab\u202factions acc\u00e9l\u00e9r\u00e9es pour le d\u00e9veloppement durable\u202f\u00bb&rsquo; est en cours, mais l&rsquo;existence des femmes autochtones et leurs efforts pour r\u00e9aliser le d\u00e9veloppement durable ont \u00e9t\u00e9 s\u00e9rieusement impact\u00e9s par les mesures r\u00e9pressives prises par les gouvernements, qui&nbsp;utilisent le COVID-19 comme couverture.\u202fNous&nbsp;lan\u00e7ons&nbsp;un&nbsp;appel \u00e0&nbsp;tous les \u00c9tats et les acteurs non \u00e9tatiques \u00e0&nbsp;prendre&nbsp;des actions concert\u00e9es pour prot\u00e9ger les droits humains des peuples et des femmes autochtones&nbsp;afin de&nbsp;:&nbsp;<\/p>\n\n\n\n<p>\u2022 R\u00e9voquer toutes les politiques et plans r\u00e9gressifs \u00e9labor\u00e9s avant ou pendant la pand\u00e9mie&nbsp;de&nbsp;COVID-19&nbsp;et&nbsp;qui violent directement et indirectement les droits des femmes et des personnes autochtones&nbsp;en situation de&nbsp;handicap, respectant ainsi&nbsp;la D\u00e9claration des Nations Unies sur les droits des peuples autochtones (UNDRIP&nbsp;en anglais) et&nbsp;la Commission sur l\u00b4\u00c9limination et&nbsp;la&nbsp;discrimination \u00e0 l&rsquo;\u00e9gard des femmes (CEDAW&nbsp;en anglais).&nbsp;<br>\u2022&nbsp;Arr\u00eater la militarisation sur les terres et territoires des peuples autochtones pour maintenir la paix, la s\u00e9curit\u00e9 et la s\u00fbret\u00e9.&nbsp;<br>\u2022 Cesser imm\u00e9diatement d&rsquo;utiliser la pand\u00e9mie comme moyen de poursuivre des int\u00e9r\u00eats politiques et \u00e9conomiques&nbsp;visant&nbsp;\u00e0 chasser les peuples autochtones de leurs terres et territoires.&nbsp;<br>\u2022 Arr\u00eater&nbsp;la d\u00e9nonciation&nbsp;et la criminalisation des&nbsp;peuples autochtones, et lib\u00e9rer&nbsp;imm\u00e9diatement tous les d\u00e9fenseurs des droits humains des peuples autochtones.&nbsp;<br>\u2022 Concevoir un syst\u00e8me de justice acc\u00e9l\u00e9r\u00e9 pour les survivants de la violence et des injustices avant et pendant la pand\u00e9mie et tenir les auteurs responsables.&nbsp;<br>\u2022 Fournir une assistance imm\u00e9diate et \u00e0 long terme pour r\u00e9soudre les probl\u00e8mes li\u00e9s \u00e0 la sant\u00e9 et r\u00e9pondre \u00e0 d&rsquo;autres&nbsp;besoins&nbsp;en veillant \u00e0 ce que les&nbsp;situations et&nbsp;besoins sp\u00e9ciaux des femmes autochtones et des personnes&nbsp;en situation de&nbsp;handicap soient&nbsp;g\u00e9r\u00e9s&nbsp;efficacement pendant et&nbsp;apr\u00e8s&nbsp;la pand\u00e9mie de COVID-19.&nbsp;<br>\u2022 Veiller \u00e0 ce que les protocoles de \u00abnouvelles&nbsp;normes\u00bb soient adapt\u00e9s \u00e0 la culture et incluent un syst\u00e8me de connaissances autochtones et des institutions coutumi\u00e8res pour r\u00e9pondre aux besoins sp\u00e9cifiques des femmes autochtones, en particulier des personnes&nbsp;en situation de&nbsp;handicap et des personnes \u00e2g\u00e9es.&nbsp;<br>\u2022&nbsp;Veiller \u00e0&nbsp;la participation et la repr\u00e9sentation pleines et efficaces des peuples autochtones, y compris les femmes autochtones et les personnes&nbsp;en situation de&nbsp;handicap, dans les processus d\u00e9cisionnels qui les concernent.&nbsp;<\/p>\n\n\n\n<p>Vous pouvez \u00e9galement t\u00e9l\u00e9charger la d\u00e9claration&nbsp;en cliquant\u202f<a href=\"https:\/\/voice.global\/assets\/2020\/06\/NIWA-and-AIPP-Statment-on-IW-and-COVID.pdf\" target=\"_blank\" rel=\"noreferrer noopener\">ici<\/a>\u202f.\u202f&nbsp;<\/p>\n","protected":false},"excerpt":{"rendered":"<p>Ceci est une d\u00e9claration conjointe du&nbsp;Network of Indigenous Women&nbsp;in Asia (NIWA en anglais)&nbsp;et&nbsp;le Asia&nbsp;Indigenous Peoples Pact (AIPP en anglais), R\u00e9seau des&nbsp;femmes autochtones d&rsquo;Asie&nbsp;et du Pacte&nbsp;des peuples autochtones d&rsquo;Asie, faite le 22 juin 2020.&nbsp;L\u2019AIPP\u202fest un&nbsp;partenaire d\u00b4influence&nbsp;multi-pays de Voice et NIWA est l&rsquo;un de&nbsp;ses&nbsp;membres.&nbsp;&nbsp; La pand\u00e9mie&nbsp;de&nbsp;COVID-19&nbsp;accro\u00eet&nbsp;le fardeau et la vuln\u00e9rabilit\u00e9 des femmes autochtones en Asie&nbsp; La pand\u00e9mie&nbsp;de&nbsp;COVID-19 [&hellip;]<\/p>\n","protected":false},"author":15,"featured_media":10120,"comment_status":"open","ping_status":"open","sticky":false,"template":"","format":"standard","meta":{"footnotes":""},"categories":[33],"tags":[],"country-cat":[],"class_list":["post-13328","post","type-post","status-publish","format-standard","has-post-thumbnail","hentry","category-non-classifiee"],"yoast_head":"<!-- This site is optimized with the Yoast SEO plugin v27.4 - https:\/\/yoast.com\/product\/yoast-seo-wordpress\/ -->\n<title>D\u00e9claration du R\u00e9seau des femmes autochtones d&#039;Asie et du Pacte des peuples autochtones d&#039;Asie - Voice.Global<\/title>\n<meta name=\"robots\" content=\"index, follow, max-snippet:-1, max-image-preview:large, max-video-preview:-1\" \/>\n<link rel=\"canonical\" href=\"https:\/\/voice.global\/fr\/declaration-du-reseau-des-femmes-autochtones-dasie-et-du-pacte-des-peuples-autochtones-dasie\/\" \/>\n<meta property=\"og:locale\" content=\"fr_FR\" \/>\n<meta property=\"og:type\" content=\"article\" \/>\n<meta property=\"og:title\" content=\"D\u00e9claration du R\u00e9seau des femmes autochtones d&#039;Asie et du Pacte des peuples autochtones d&#039;Asie - Voice.Global\" \/>\n<meta property=\"og:description\" content=\"Ceci est une d\u00e9claration conjointe du&nbsp;Network of Indigenous Women&nbsp;in Asia (NIWA en anglais)&nbsp;et&nbsp;le Asia&nbsp;Indigenous Peoples Pact (AIPP en anglais), R\u00e9seau des&nbsp;femmes autochtones d&rsquo;Asie&nbsp;et du Pacte&nbsp;des peuples autochtones d&rsquo;Asie, faite le 22 juin 2020.&nbsp;L\u2019AIPP\u202fest un&nbsp;partenaire d\u00b4influence&nbsp;multi-pays de Voice et NIWA est l&rsquo;un de&nbsp;ses&nbsp;membres.&nbsp;&nbsp; La pand\u00e9mie&nbsp;de&nbsp;COVID-19&nbsp;accro\u00eet&nbsp;le fardeau et la vuln\u00e9rabilit\u00e9 des femmes autochtones en Asie&nbsp; La pand\u00e9mie&nbsp;de&nbsp;COVID-19 [&hellip;]\" \/>\n<meta property=\"og:url\" content=\"https:\/\/voice.global\/fr\/declaration-du-reseau-des-femmes-autochtones-dasie-et-du-pacte-des-peuples-autochtones-dasie\/\" \/>\n<meta property=\"og:site_name\" content=\"Voice.Global\" \/>\n<meta property=\"article:published_time\" content=\"2021-06-09T09:14:23+00:00\" \/>\n<meta property=\"article:modified_time\" content=\"2021-06-09T09:14:25+00:00\" \/>\n<meta property=\"og:image\" content=\"https:\/\/voice.global\/assets\/2020\/06\/IP.jpg\" \/>\n\t<meta property=\"og:image:width\" content=\"563\" \/>\n\t<meta property=\"og:image:height\" content=\"319\" \/>\n\t<meta property=\"og:image:type\" content=\"image\/jpeg\" \/>\n<meta name=\"author\" content=\"Kenneth Jura\" \/>\n<meta name=\"twitter:card\" content=\"summary_large_image\" \/>\n<meta name=\"twitter:label1\" content=\"\u00c9crit par\" \/>\n\t<meta name=\"twitter:data1\" content=\"Kenneth Jura\" \/>\n\t<meta name=\"twitter:label2\" content=\"Dur\u00e9e de lecture estim\u00e9e\" \/>\n\t<meta name=\"twitter:data2\" content=\"7 minutes\" \/>\n<script type=\"application\/ld+json\" class=\"yoast-schema-graph\">{\"@context\":\"https:\\\/\\\/schema.org\",\"@graph\":[{\"@type\":\"Article\",\"@id\":\"https:\\\/\\\/voice.global\\\/fr\\\/declaration-du-reseau-des-femmes-autochtones-dasie-et-du-pacte-des-peuples-autochtones-dasie\\\/#article\",\"isPartOf\":{\"@id\":\"https:\\\/\\\/voice.global\\\/fr\\\/declaration-du-reseau-des-femmes-autochtones-dasie-et-du-pacte-des-peuples-autochtones-dasie\\\/\"},\"author\":{\"name\":\"Kenneth Jura\",\"@id\":\"https:\\\/\\\/voice.global\\\/#\\\/schema\\\/person\\\/e361fd4467bd73e9405841cf8ce604be\"},\"headline\":\"D\u00e9claration du R\u00e9seau des femmes autochtones d&rsquo;Asie et du Pacte des peuples autochtones d&rsquo;Asie\",\"datePublished\":\"2021-06-09T09:14:23+00:00\",\"dateModified\":\"2021-06-09T09:14:25+00:00\",\"mainEntityOfPage\":{\"@id\":\"https:\\\/\\\/voice.global\\\/fr\\\/declaration-du-reseau-des-femmes-autochtones-dasie-et-du-pacte-des-peuples-autochtones-dasie\\\/\"},\"wordCount\":1401,\"commentCount\":0,\"image\":{\"@id\":\"https:\\\/\\\/voice.global\\\/fr\\\/declaration-du-reseau-des-femmes-autochtones-dasie-et-du-pacte-des-peuples-autochtones-dasie\\\/#primaryimage\"},\"thumbnailUrl\":\"https:\\\/\\\/voice.global\\\/assets\\\/2020\\\/06\\\/IP.jpg\",\"articleSection\":[\"Non classifi\u00e9(e)\"],\"inLanguage\":\"fr-FR\",\"potentialAction\":[{\"@type\":\"CommentAction\",\"name\":\"Comment\",\"target\":[\"https:\\\/\\\/voice.global\\\/fr\\\/declaration-du-reseau-des-femmes-autochtones-dasie-et-du-pacte-des-peuples-autochtones-dasie\\\/#respond\"]}]},{\"@type\":\"WebPage\",\"@id\":\"https:\\\/\\\/voice.global\\\/fr\\\/declaration-du-reseau-des-femmes-autochtones-dasie-et-du-pacte-des-peuples-autochtones-dasie\\\/\",\"url\":\"https:\\\/\\\/voice.global\\\/fr\\\/declaration-du-reseau-des-femmes-autochtones-dasie-et-du-pacte-des-peuples-autochtones-dasie\\\/\",\"name\":\"D\u00e9claration du R\u00e9seau des femmes autochtones d'Asie et du Pacte des peuples autochtones d'Asie - Voice.Global\",\"isPartOf\":{\"@id\":\"https:\\\/\\\/voice.global\\\/#website\"},\"primaryImageOfPage\":{\"@id\":\"https:\\\/\\\/voice.global\\\/fr\\\/declaration-du-reseau-des-femmes-autochtones-dasie-et-du-pacte-des-peuples-autochtones-dasie\\\/#primaryimage\"},\"image\":{\"@id\":\"https:\\\/\\\/voice.global\\\/fr\\\/declaration-du-reseau-des-femmes-autochtones-dasie-et-du-pacte-des-peuples-autochtones-dasie\\\/#primaryimage\"},\"thumbnailUrl\":\"https:\\\/\\\/voice.global\\\/assets\\\/2020\\\/06\\\/IP.jpg\",\"datePublished\":\"2021-06-09T09:14:23+00:00\",\"dateModified\":\"2021-06-09T09:14:25+00:00\",\"author\":{\"@id\":\"https:\\\/\\\/voice.global\\\/#\\\/schema\\\/person\\\/e361fd4467bd73e9405841cf8ce604be\"},\"breadcrumb\":{\"@id\":\"https:\\\/\\\/voice.global\\\/fr\\\/declaration-du-reseau-des-femmes-autochtones-dasie-et-du-pacte-des-peuples-autochtones-dasie\\\/#breadcrumb\"},\"inLanguage\":\"fr-FR\",\"potentialAction\":[{\"@type\":\"ReadAction\",\"target\":[\"https:\\\/\\\/voice.global\\\/fr\\\/declaration-du-reseau-des-femmes-autochtones-dasie-et-du-pacte-des-peuples-autochtones-dasie\\\/\"]}]},{\"@type\":\"ImageObject\",\"inLanguage\":\"fr-FR\",\"@id\":\"https:\\\/\\\/voice.global\\\/fr\\\/declaration-du-reseau-des-femmes-autochtones-dasie-et-du-pacte-des-peuples-autochtones-dasie\\\/#primaryimage\",\"url\":\"https:\\\/\\\/voice.global\\\/assets\\\/2020\\\/06\\\/IP.jpg\",\"contentUrl\":\"https:\\\/\\\/voice.global\\\/assets\\\/2020\\\/06\\\/IP.jpg\",\"width\":563,\"height\":319},{\"@type\":\"BreadcrumbList\",\"@id\":\"https:\\\/\\\/voice.global\\\/fr\\\/declaration-du-reseau-des-femmes-autochtones-dasie-et-du-pacte-des-peuples-autochtones-dasie\\\/#breadcrumb\",\"itemListElement\":[{\"@type\":\"ListItem\",\"position\":1,\"name\":\"Home\",\"item\":\"https:\\\/\\\/voice.global\\\/fr\\\/\"},{\"@type\":\"ListItem\",\"position\":2,\"name\":\"D\u00e9claration du R\u00e9seau des femmes autochtones d&rsquo;Asie et du Pacte des peuples autochtones d&rsquo;Asie\"}]},{\"@type\":\"WebSite\",\"@id\":\"https:\\\/\\\/voice.global\\\/#website\",\"url\":\"https:\\\/\\\/voice.global\\\/\",\"name\":\"Voice.Global\",\"description\":\"Include - Innovate - Influence\",\"potentialAction\":[{\"@type\":\"SearchAction\",\"target\":{\"@type\":\"EntryPoint\",\"urlTemplate\":\"https:\\\/\\\/voice.global\\\/?s={search_term_string}\"},\"query-input\":{\"@type\":\"PropertyValueSpecification\",\"valueRequired\":true,\"valueName\":\"search_term_string\"}}],\"inLanguage\":\"fr-FR\"},{\"@type\":\"Person\",\"@id\":\"https:\\\/\\\/voice.global\\\/#\\\/schema\\\/person\\\/e361fd4467bd73e9405841cf8ce604be\",\"name\":\"Kenneth Jura\",\"url\":\"https:\\\/\\\/voice.global\\\/fr\\\/author\\\/kenneth-jura\\\/\"}]}<\/script>\n<!-- \/ Yoast SEO plugin. -->","yoast_head_json":{"title":"D\u00e9claration du R\u00e9seau des femmes autochtones d'Asie et du Pacte des peuples autochtones d'Asie - Voice.Global","robots":{"index":"index","follow":"follow","max-snippet":"max-snippet:-1","max-image-preview":"max-image-preview:large","max-video-preview":"max-video-preview:-1"},"canonical":"https:\/\/voice.global\/fr\/declaration-du-reseau-des-femmes-autochtones-dasie-et-du-pacte-des-peuples-autochtones-dasie\/","og_locale":"fr_FR","og_type":"article","og_title":"D\u00e9claration du R\u00e9seau des femmes autochtones d'Asie et du Pacte des peuples autochtones d'Asie - Voice.Global","og_description":"Ceci est une d\u00e9claration conjointe du&nbsp;Network of Indigenous Women&nbsp;in Asia (NIWA en anglais)&nbsp;et&nbsp;le Asia&nbsp;Indigenous Peoples Pact (AIPP en anglais), R\u00e9seau des&nbsp;femmes autochtones d&rsquo;Asie&nbsp;et du Pacte&nbsp;des peuples autochtones d&rsquo;Asie, faite le 22 juin 2020.&nbsp;L\u2019AIPP\u202fest un&nbsp;partenaire d\u00b4influence&nbsp;multi-pays de Voice et NIWA est l&rsquo;un de&nbsp;ses&nbsp;membres.&nbsp;&nbsp; La pand\u00e9mie&nbsp;de&nbsp;COVID-19&nbsp;accro\u00eet&nbsp;le fardeau et la vuln\u00e9rabilit\u00e9 des femmes autochtones en Asie&nbsp; La pand\u00e9mie&nbsp;de&nbsp;COVID-19 [&hellip;]","og_url":"https:\/\/voice.global\/fr\/declaration-du-reseau-des-femmes-autochtones-dasie-et-du-pacte-des-peuples-autochtones-dasie\/","og_site_name":"Voice.Global","article_published_time":"2021-06-09T09:14:23+00:00","article_modified_time":"2021-06-09T09:14:25+00:00","og_image":[{"width":563,"height":319,"url":"https:\/\/voice.global\/assets\/2020\/06\/IP.jpg","type":"image\/jpeg"}],"author":"Kenneth Jura","twitter_card":"summary_large_image","twitter_misc":{"\u00c9crit par":"Kenneth Jura","Dur\u00e9e de lecture estim\u00e9e":"7 minutes"},"schema":{"@context":"https:\/\/schema.org","@graph":[{"@type":"Article","@id":"https:\/\/voice.global\/fr\/declaration-du-reseau-des-femmes-autochtones-dasie-et-du-pacte-des-peuples-autochtones-dasie\/#article","isPartOf":{"@id":"https:\/\/voice.global\/fr\/declaration-du-reseau-des-femmes-autochtones-dasie-et-du-pacte-des-peuples-autochtones-dasie\/"},"author":{"name":"Kenneth Jura","@id":"https:\/\/voice.global\/#\/schema\/person\/e361fd4467bd73e9405841cf8ce604be"},"headline":"D\u00e9claration du R\u00e9seau des femmes autochtones d&rsquo;Asie et du Pacte des peuples autochtones d&rsquo;Asie","datePublished":"2021-06-09T09:14:23+00:00","dateModified":"2021-06-09T09:14:25+00:00","mainEntityOfPage":{"@id":"https:\/\/voice.global\/fr\/declaration-du-reseau-des-femmes-autochtones-dasie-et-du-pacte-des-peuples-autochtones-dasie\/"},"wordCount":1401,"commentCount":0,"image":{"@id":"https:\/\/voice.global\/fr\/declaration-du-reseau-des-femmes-autochtones-dasie-et-du-pacte-des-peuples-autochtones-dasie\/#primaryimage"},"thumbnailUrl":"https:\/\/voice.global\/assets\/2020\/06\/IP.jpg","articleSection":["Non classifi\u00e9(e)"],"inLanguage":"fr-FR","potentialAction":[{"@type":"CommentAction","name":"Comment","target":["https:\/\/voice.global\/fr\/declaration-du-reseau-des-femmes-autochtones-dasie-et-du-pacte-des-peuples-autochtones-dasie\/#respond"]}]},{"@type":"WebPage","@id":"https:\/\/voice.global\/fr\/declaration-du-reseau-des-femmes-autochtones-dasie-et-du-pacte-des-peuples-autochtones-dasie\/","url":"https:\/\/voice.global\/fr\/declaration-du-reseau-des-femmes-autochtones-dasie-et-du-pacte-des-peuples-autochtones-dasie\/","name":"D\u00e9claration du R\u00e9seau des femmes autochtones d'Asie et du Pacte des peuples autochtones d'Asie - Voice.Global","isPartOf":{"@id":"https:\/\/voice.global\/#website"},"primaryImageOfPage":{"@id":"https:\/\/voice.global\/fr\/declaration-du-reseau-des-femmes-autochtones-dasie-et-du-pacte-des-peuples-autochtones-dasie\/#primaryimage"},"image":{"@id":"https:\/\/voice.global\/fr\/declaration-du-reseau-des-femmes-autochtones-dasie-et-du-pacte-des-peuples-autochtones-dasie\/#primaryimage"},"thumbnailUrl":"https:\/\/voice.global\/assets\/2020\/06\/IP.jpg","datePublished":"2021-06-09T09:14:23+00:00","dateModified":"2021-06-09T09:14:25+00:00","author":{"@id":"https:\/\/voice.global\/#\/schema\/person\/e361fd4467bd73e9405841cf8ce604be"},"breadcrumb":{"@id":"https:\/\/voice.global\/fr\/declaration-du-reseau-des-femmes-autochtones-dasie-et-du-pacte-des-peuples-autochtones-dasie\/#breadcrumb"},"inLanguage":"fr-FR","potentialAction":[{"@type":"ReadAction","target":["https:\/\/voice.global\/fr\/declaration-du-reseau-des-femmes-autochtones-dasie-et-du-pacte-des-peuples-autochtones-dasie\/"]}]},{"@type":"ImageObject","inLanguage":"fr-FR","@id":"https:\/\/voice.global\/fr\/declaration-du-reseau-des-femmes-autochtones-dasie-et-du-pacte-des-peuples-autochtones-dasie\/#primaryimage","url":"https:\/\/voice.global\/assets\/2020\/06\/IP.jpg","contentUrl":"https:\/\/voice.global\/assets\/2020\/06\/IP.jpg","width":563,"height":319},{"@type":"BreadcrumbList","@id":"https:\/\/voice.global\/fr\/declaration-du-reseau-des-femmes-autochtones-dasie-et-du-pacte-des-peuples-autochtones-dasie\/#breadcrumb","itemListElement":[{"@type":"ListItem","position":1,"name":"Home","item":"https:\/\/voice.global\/fr\/"},{"@type":"ListItem","position":2,"name":"D\u00e9claration du R\u00e9seau des femmes autochtones d&rsquo;Asie et du Pacte des peuples autochtones d&rsquo;Asie"}]},{"@type":"WebSite","@id":"https:\/\/voice.global\/#website","url":"https:\/\/voice.global\/","name":"Voice.Global","description":"Include - Innovate - Influence","potentialAction":[{"@type":"SearchAction","target":{"@type":"EntryPoint","urlTemplate":"https:\/\/voice.global\/?s={search_term_string}"},"query-input":{"@type":"PropertyValueSpecification","valueRequired":true,"valueName":"search_term_string"}}],"inLanguage":"fr-FR"},{"@type":"Person","@id":"https:\/\/voice.global\/#\/schema\/person\/e361fd4467bd73e9405841cf8ce604be","name":"Kenneth Jura","url":"https:\/\/voice.global\/fr\/author\/kenneth-jura\/"}]}},"thumbnail_src":"https:\/\/voice.global\/assets\/2020\/06\/IP.jpg","_links":{"self":[{"href":"https:\/\/voice.global\/fr\/wp-json\/wp\/v2\/posts\/13328","targetHints":{"allow":["GET"]}}],"collection":[{"href":"https:\/\/voice.global\/fr\/wp-json\/wp\/v2\/posts"}],"about":[{"href":"https:\/\/voice.global\/fr\/wp-json\/wp\/v2\/types\/post"}],"author":[{"embeddable":true,"href":"https:\/\/voice.global\/fr\/wp-json\/wp\/v2\/users\/15"}],"replies":[{"embeddable":true,"href":"https:\/\/voice.global\/fr\/wp-json\/wp\/v2\/comments?post=13328"}],"version-history":[{"count":2,"href":"https:\/\/voice.global\/fr\/wp-json\/wp\/v2\/posts\/13328\/revisions"}],"predecessor-version":[{"id":14641,"href":"https:\/\/voice.global\/fr\/wp-json\/wp\/v2\/posts\/13328\/revisions\/14641"}],"wp:featuredmedia":[{"embeddable":true,"href":"https:\/\/voice.global\/fr\/wp-json\/wp\/v2\/media\/10120"}],"wp:attachment":[{"href":"https:\/\/voice.global\/fr\/wp-json\/wp\/v2\/media?parent=13328"}],"wp:term":[{"taxonomy":"category","embeddable":true,"href":"https:\/\/voice.global\/fr\/wp-json\/wp\/v2\/categories?post=13328"},{"taxonomy":"post_tag","embeddable":true,"href":"https:\/\/voice.global\/fr\/wp-json\/wp\/v2\/tags?post=13328"},{"taxonomy":"country-cat","embeddable":true,"href":"https:\/\/voice.global\/fr\/wp-json\/wp\/v2\/country-cat?post=13328"}],"curies":[{"name":"wp","href":"https:\/\/api.w.org\/{rel}","templated":true}]}}