{"id":10088,"date":"2020-06-25T12:39:24","date_gmt":"2020-06-25T10:39:24","guid":{"rendered":"https:\/\/voice.global\/making-it-happen\/"},"modified":"2020-06-25T14:05:42","modified_gmt":"2020-06-25T12:05:42","slug":"faire-une-realite","status":"publish","type":"post","link":"https:\/\/voice.global\/fr\/faire-une-realite\/","title":{"rendered":"Faire de l&rsquo;\u00eatre ensemble une r\u00e9alit\u00e9 !"},"content":{"rendered":"\n<h3 class=\"wp-block-heading\">Une premi\u00e8re : une visite de travail num\u00e9rique entre la ministre Kaag et l&rsquo;AMPA au Mali<\/h3>\n\n\n\n<p>Afin de rester en contact avec les d\u00e9veloppements locaux au Mali, notamment en ce qui concerne l&rsquo;impact de COVID-19, la ministre du Commerce Ext\u00e9rieur et de la Coop\u00e9ration au D\u00e9veloppement, Madame Sigrid Kaag, a rendu une visite de travail num\u00e9rique \u00e0 l&rsquo;Association malienne pour la protection des albinos (AMPA), un partenaire de Voice bas\u00e9 \u00e0 Bamako. Et la technologie a coop\u00e9r\u00e9 &#8211; bien que parfois un peu chancelante !<\/p>\n\n\n\n<p>H\u00e9berg\u00e9 dans les bureaux d&rsquo;Oxfam Novib \u00e0 La Haye avec une connexion en ligne au bureau de l&rsquo;Agoratoire &#8211; un autre partenaire de Voice- \u00e0 Bamako, les deux parties voulaient \u00e9changer &#8211; sous quelque forme que ce soit &#8211; et en conformit\u00e9 avec les directives locales de COVID-19.<\/p>\n\n\n\n<p>Voici une petite compilation &#8211; vue des deux c\u00f4t\u00e9s !<\/p>\n\n\n\n<div class=\"wp-block-image\"><figure class=\"aligncenter size-full\"><img loading=\"lazy\" decoding=\"async\" width=\"1429\" height=\"1078\" src=\"https:\/\/voice.global\/assets\/2020\/06\/Setup-The-Hague.png\" alt=\"\" class=\"wp-image-10052\" srcset=\"https:\/\/voice.global\/assets\/2020\/06\/Setup-The-Hague.png 1429w, https:\/\/voice.global\/assets\/2020\/06\/Setup-The-Hague-300x226.png 300w, https:\/\/voice.global\/assets\/2020\/06\/Setup-The-Hague-1024x772.png 1024w, https:\/\/voice.global\/assets\/2020\/06\/Setup-The-Hague-768x579.png 768w\" sizes=\"auto, (max-width: 1429px) 100vw, 1429px\" \/><figcaption>\u00c0 La Haye avec la Ministre Kaag, au centre, avec Edwin Huizing, directeur de Hivos \u00e0 gauche et Jeroen Kelderhuis, responsable de la soci\u00e9t\u00e9 civile et de l&rsquo;\u00e9ducation de MEA \u00e0 droite. Eloignement physique en place.<\/figcaption><\/figure><\/div>\n\n\n\n<figure class=\"wp-block-image size-large\"><img loading=\"lazy\" decoding=\"async\" width=\"960\" height=\"540\" src=\"https:\/\/voice.global\/assets\/2020\/06\/105702158_1999790330165813_1947272374250265688_n-1.jpg\" alt=\"\" class=\"wp-image-10056\" srcset=\"https:\/\/voice.global\/assets\/2020\/06\/105702158_1999790330165813_1947272374250265688_n-1.jpg 960w, https:\/\/voice.global\/assets\/2020\/06\/105702158_1999790330165813_1947272374250265688_n-1-300x169.jpg 300w, https:\/\/voice.global\/assets\/2020\/06\/105702158_1999790330165813_1947272374250265688_n-1-768x432.jpg 768w, https:\/\/voice.global\/assets\/2020\/06\/105702158_1999790330165813_1947272374250265688_n-1-387x217.jpg 387w\" sizes=\"auto, (max-width: 960px) 100vw, 960px\" \/><figcaption>Et l&rsquo;installation de l&rsquo;autre c\u00f4t\u00e9 \u00e0 Bmako, au Mali : au  bureau d&rsquo;un autre partenaire de Voice, Agoratoire ! Ici, vous voyez l&rsquo;ambassadeur des Pays-Bas au Mali, Jolke Oppewal, en train de parler.<\/figcaption><\/figure>\n\n\n\n<figure class=\"wp-block-image size-large\"><img loading=\"lazy\" decoding=\"async\" width=\"960\" height=\"540\" src=\"https:\/\/voice.global\/assets\/2020\/06\/106255562_1999789593499220_6159050884568053011_n-1.jpg\" alt=\"\" class=\"wp-image-10054\" srcset=\"https:\/\/voice.global\/assets\/2020\/06\/106255562_1999789593499220_6159050884568053011_n-1.jpg 960w, https:\/\/voice.global\/assets\/2020\/06\/106255562_1999789593499220_6159050884568053011_n-1-300x169.jpg 300w, https:\/\/voice.global\/assets\/2020\/06\/106255562_1999789593499220_6159050884568053011_n-1-768x432.jpg 768w, https:\/\/voice.global\/assets\/2020\/06\/106255562_1999789593499220_6159050884568053011_n-1-387x217.jpg 387w\" sizes=\"auto, (max-width: 960px) 100vw, 960px\" \/><figcaption>Aminata Traore, fondatrice et pr\u00e9sidente d&rsquo;AMPA, explique comment COVID-19 a exacerb\u00e9 le niveau de vuln\u00e9rabilit\u00e9 des personnes atteintes d&rsquo;albinisme. L&rsquo;acc\u00e8s insuffisant \u00e0 l&rsquo;information et la transformation du centre de la peau en un centre COVID-19 n&rsquo;en sont que quelques exemples.<\/figcaption><\/figure>\n\n\n\n<div class=\"wp-block-image\"><figure class=\"aligncenter size-large is-resized\"><img loading=\"lazy\" decoding=\"async\" src=\"https:\/\/voice.global\/assets\/2020\/06\/Sigrid-Kaag-AMPA-photo-1-761x1024.png\" alt=\"\" class=\"wp-image-10061\" width=\"381\" height=\"512\" srcset=\"https:\/\/voice.global\/assets\/2020\/06\/Sigrid-Kaag-AMPA-photo-1-761x1024.png 761w, https:\/\/voice.global\/assets\/2020\/06\/Sigrid-Kaag-AMPA-photo-1-223x300.png 223w, https:\/\/voice.global\/assets\/2020\/06\/Sigrid-Kaag-AMPA-photo-1-768x1034.png 768w, https:\/\/voice.global\/assets\/2020\/06\/Sigrid-Kaag-AMPA-photo-1.png 801w\" sizes=\"auto, (max-width: 381px) 100vw, 381px\" \/><figcaption>La ministre Kaag a \u00e9cout\u00e9 et s&rsquo;est engag\u00e9 avec attention, demandant quel \u00e9tait le niveau de coordination entre les diff\u00e9rents m\u00e9canismes et programmes afin que les personnes atteintes d&rsquo;albinisme soient incluses.<\/figcaption><\/figure><\/div>\n\n\n\n<figure class=\"wp-block-image size-large\"><img loading=\"lazy\" decoding=\"async\" width=\"960\" height=\"540\" src=\"https:\/\/voice.global\/assets\/2020\/06\/Aichatou-Coulibaly-slam-.jpg\" alt=\"\" class=\"wp-image-10071\" srcset=\"https:\/\/voice.global\/assets\/2020\/06\/Aichatou-Coulibaly-slam-.jpg 960w, https:\/\/voice.global\/assets\/2020\/06\/Aichatou-Coulibaly-slam--300x169.jpg 300w, https:\/\/voice.global\/assets\/2020\/06\/Aichatou-Coulibaly-slam--768x432.jpg 768w, https:\/\/voice.global\/assets\/2020\/06\/Aichatou-Coulibaly-slam--387x217.jpg 387w\" sizes=\"auto, (max-width: 960px) 100vw, 960px\" \/><figcaption>Aichatou Coulibaly, membre d&rsquo;AMPA, a fait part de son exp\u00e9rience en mati\u00e8re d&rsquo;acc\u00e8s \u00e0 l&rsquo;\u00e9ducation &#8211; un droit fondamental au Mali &#8211; mais rendu difficile pour les personnes atteintes d&rsquo;albinisme en raison de l&rsquo;impossibilit\u00e9 de voir le tableau et des brimades des autres (\u00ab\u00a0ils changent de place ; si mes camarades ont le choix\u00a0\u00bb). Elle l&rsquo;a fait sous la forme d&rsquo;un slam ou d&rsquo;une po\u00e9sie de mots, un outil d&rsquo;expression et de sensibilisation puissant et accessible.<br><\/figcaption><\/figure>\n\n\n\n<figure class=\"wp-block-video\"><video height=\"480\" style=\"aspect-ratio: 848 \/ 480;\" width=\"848\" controls src=\"https:\/\/voice.global\/assets\/2020\/06\/WhatsApp-Video-2020-06-24-at-12.06.49.mp4\"><\/video><figcaption>Voici un petit extrait du slam d&rsquo;Aichatou Coulibaly, une version plus longue est disponible via ce <a href=\"https:\/\/voice.global\/fr\/blog\/pretes-pour-briller\/\">lien<\/a><\/figcaption><\/figure>\n\n\n\n<p>Et Madame Keita, un autre membre d&rsquo;AMPA, a fait part d&rsquo;un slam  concernant l&rsquo;impact de COVID-19 sur eux en tant qu&rsquo;organisation et individus. Leurs projets ont d\u00fb \u00eatre temporairement interrompus, puis transform\u00e9s en une campagne de sensibilisation \u00e0 COVID-19 pour la communaut\u00e9 albinos &#8211; dont le besoin se fait cruellement sentir. En outre, ils ont trouv\u00e9 un moyen cr\u00e9atif de g\u00e9n\u00e9rer des revenus &#8211; la fabrication locale de masques.<\/p>\n\n\n\n<blockquote class=\"wp-block-quote is-style-large is-layout-flow wp-block-quote-is-layout-flow\"><p>\u00ab\u00a0Parce  qu&rsquo;entre le couvre-feu et le confinement\u2026<br>Nos projets se sont confin\u00e9s<br>Et nous, dans la fum\u00e9e<br>On ne voit plus le chemin&#8230;&#8230;\u00a0\u00bb<\/p><\/blockquote>\n\n\n\n<figure class=\"wp-block-image size-large\"><img loading=\"lazy\" decoding=\"async\" width=\"720\" height=\"960\" src=\"https:\/\/voice.global\/assets\/2020\/06\/105657076_1999789513499228_1856815409699957640_n-1.jpg\" alt=\"\" class=\"wp-image-10073\" srcset=\"https:\/\/voice.global\/assets\/2020\/06\/105657076_1999789513499228_1856815409699957640_n-1.jpg 720w, https:\/\/voice.global\/assets\/2020\/06\/105657076_1999789513499228_1856815409699957640_n-1-225x300.jpg 225w\" sizes=\"auto, (max-width: 720px) 100vw, 720px\" \/><figcaption>Et le meilleur a \u00e9t\u00e9 gard\u00e9 pour la fin : une photo de l&rsquo;ambassadeur des Pays-Bas avec des membres d&rsquo;AMPA, dont la gagnante du concours Ms and Mr Albinos 2018, Aminata Traore (\u00e0 droite).<\/figcaption><\/figure>\n","protected":false},"excerpt":{"rendered":"<p>Une premi\u00e8re : une visite de travail num\u00e9rique entre la ministre Kaag et l&rsquo;AMPA au Mali Afin de rester en contact avec les d\u00e9veloppements locaux au Mali, notamment en ce qui concerne l&rsquo;impact de COVID-19, la ministre du Commerce Ext\u00e9rieur et de la Coop\u00e9ration au D\u00e9veloppement, Madame Sigrid Kaag, a rendu une visite de travail [&hellip;]<\/p>\n","protected":false},"author":5,"featured_media":10083,"comment_status":"open","ping_status":"open","sticky":false,"template":"","format":"standard","meta":{"footnotes":""},"categories":[33],"tags":[],"country-cat":[],"class_list":["post-10088","post","type-post","status-publish","format-standard","has-post-thumbnail","hentry","category-non-classifiee"],"yoast_head":"<!-- This site is optimized with the Yoast SEO plugin v27.4 - https:\/\/yoast.com\/product\/yoast-seo-wordpress\/ -->\n<title>Faire de l&#039;\u00eatre ensemble une r\u00e9alit\u00e9 ! - Voice.Global<\/title>\n<meta name=\"robots\" content=\"index, follow, max-snippet:-1, max-image-preview:large, max-video-preview:-1\" \/>\n<link rel=\"canonical\" href=\"https:\/\/voice.global\/fr\/faire-une-realite\/\" \/>\n<meta property=\"og:locale\" content=\"fr_FR\" \/>\n<meta property=\"og:type\" content=\"article\" \/>\n<meta property=\"og:title\" content=\"Faire de l&#039;\u00eatre ensemble une r\u00e9alit\u00e9 ! - Voice.Global\" \/>\n<meta property=\"og:description\" content=\"Une premi\u00e8re : une visite de travail num\u00e9rique entre la ministre Kaag et l&rsquo;AMPA au Mali Afin de rester en contact avec les d\u00e9veloppements locaux au Mali, notamment en ce qui concerne l&rsquo;impact de COVID-19, la ministre du Commerce Ext\u00e9rieur et de la Coop\u00e9ration au D\u00e9veloppement, Madame Sigrid Kaag, a rendu une visite de travail [&hellip;]\" \/>\n<meta property=\"og:url\" content=\"https:\/\/voice.global\/fr\/faire-une-realite\/\" \/>\n<meta property=\"og:site_name\" content=\"Voice.Global\" \/>\n<meta property=\"article:published_time\" content=\"2020-06-25T10:39:24+00:00\" \/>\n<meta property=\"article:modified_time\" content=\"2020-06-25T12:05:42+00:00\" \/>\n<meta property=\"og:image\" content=\"https:\/\/voice.global\/assets\/2020\/06\/cover-picture-story.png\" \/>\n\t<meta property=\"og:image:width\" content=\"1675\" \/>\n\t<meta property=\"og:image:height\" content=\"588\" \/>\n\t<meta property=\"og:image:type\" content=\"image\/png\" \/>\n<meta name=\"author\" content=\"Marinke Van Riet\" \/>\n<meta name=\"twitter:card\" content=\"summary_large_image\" \/>\n<meta name=\"twitter:label1\" content=\"\u00c9crit par\" \/>\n\t<meta name=\"twitter:data1\" content=\"Marinke Van Riet\" \/>\n\t<meta name=\"twitter:label2\" content=\"Dur\u00e9e de lecture estim\u00e9e\" \/>\n\t<meta name=\"twitter:data2\" content=\"3 minutes\" \/>\n<script type=\"application\/ld+json\" class=\"yoast-schema-graph\">{\"@context\":\"https:\\\/\\\/schema.org\",\"@graph\":[{\"@type\":\"Article\",\"@id\":\"https:\\\/\\\/voice.global\\\/fr\\\/faire-une-realite\\\/#article\",\"isPartOf\":{\"@id\":\"https:\\\/\\\/voice.global\\\/fr\\\/faire-une-realite\\\/\"},\"author\":{\"name\":\"Marinke Van Riet\",\"@id\":\"https:\\\/\\\/voice.global\\\/#\\\/schema\\\/person\\\/22d67dccf4ece8d36acc445d1b2d9198\"},\"headline\":\"Faire de l&rsquo;\u00eatre ensemble une r\u00e9alit\u00e9 !\",\"datePublished\":\"2020-06-25T10:39:24+00:00\",\"dateModified\":\"2020-06-25T12:05:42+00:00\",\"mainEntityOfPage\":{\"@id\":\"https:\\\/\\\/voice.global\\\/fr\\\/faire-une-realite\\\/\"},\"wordCount\":550,\"commentCount\":0,\"image\":{\"@id\":\"https:\\\/\\\/voice.global\\\/fr\\\/faire-une-realite\\\/#primaryimage\"},\"thumbnailUrl\":\"https:\\\/\\\/voice.global\\\/assets\\\/2020\\\/06\\\/cover-picture-story.png\",\"articleSection\":[\"Non classifi\u00e9(e)\"],\"inLanguage\":\"fr-FR\",\"potentialAction\":[{\"@type\":\"CommentAction\",\"name\":\"Comment\",\"target\":[\"https:\\\/\\\/voice.global\\\/fr\\\/faire-une-realite\\\/#respond\"]}]},{\"@type\":\"WebPage\",\"@id\":\"https:\\\/\\\/voice.global\\\/fr\\\/faire-une-realite\\\/\",\"url\":\"https:\\\/\\\/voice.global\\\/fr\\\/faire-une-realite\\\/\",\"name\":\"Faire de l'\u00eatre ensemble une r\u00e9alit\u00e9 ! - Voice.Global\",\"isPartOf\":{\"@id\":\"https:\\\/\\\/voice.global\\\/#website\"},\"primaryImageOfPage\":{\"@id\":\"https:\\\/\\\/voice.global\\\/fr\\\/faire-une-realite\\\/#primaryimage\"},\"image\":{\"@id\":\"https:\\\/\\\/voice.global\\\/fr\\\/faire-une-realite\\\/#primaryimage\"},\"thumbnailUrl\":\"https:\\\/\\\/voice.global\\\/assets\\\/2020\\\/06\\\/cover-picture-story.png\",\"datePublished\":\"2020-06-25T10:39:24+00:00\",\"dateModified\":\"2020-06-25T12:05:42+00:00\",\"author\":{\"@id\":\"https:\\\/\\\/voice.global\\\/#\\\/schema\\\/person\\\/22d67dccf4ece8d36acc445d1b2d9198\"},\"breadcrumb\":{\"@id\":\"https:\\\/\\\/voice.global\\\/fr\\\/faire-une-realite\\\/#breadcrumb\"},\"inLanguage\":\"fr-FR\",\"potentialAction\":[{\"@type\":\"ReadAction\",\"target\":[\"https:\\\/\\\/voice.global\\\/fr\\\/faire-une-realite\\\/\"]}]},{\"@type\":\"ImageObject\",\"inLanguage\":\"fr-FR\",\"@id\":\"https:\\\/\\\/voice.global\\\/fr\\\/faire-une-realite\\\/#primaryimage\",\"url\":\"https:\\\/\\\/voice.global\\\/assets\\\/2020\\\/06\\\/cover-picture-story.png\",\"contentUrl\":\"https:\\\/\\\/voice.global\\\/assets\\\/2020\\\/06\\\/cover-picture-story.png\",\"width\":1675,\"height\":588},{\"@type\":\"BreadcrumbList\",\"@id\":\"https:\\\/\\\/voice.global\\\/fr\\\/faire-une-realite\\\/#breadcrumb\",\"itemListElement\":[{\"@type\":\"ListItem\",\"position\":1,\"name\":\"Home\",\"item\":\"https:\\\/\\\/voice.global\\\/fr\\\/\"},{\"@type\":\"ListItem\",\"position\":2,\"name\":\"Faire de l&rsquo;\u00eatre ensemble une r\u00e9alit\u00e9 !\"}]},{\"@type\":\"WebSite\",\"@id\":\"https:\\\/\\\/voice.global\\\/#website\",\"url\":\"https:\\\/\\\/voice.global\\\/\",\"name\":\"Voice.Global\",\"description\":\"Include - Innovate - Influence\",\"potentialAction\":[{\"@type\":\"SearchAction\",\"target\":{\"@type\":\"EntryPoint\",\"urlTemplate\":\"https:\\\/\\\/voice.global\\\/?s={search_term_string}\"},\"query-input\":{\"@type\":\"PropertyValueSpecification\",\"valueRequired\":true,\"valueName\":\"search_term_string\"}}],\"inLanguage\":\"fr-FR\"},{\"@type\":\"Person\",\"@id\":\"https:\\\/\\\/voice.global\\\/#\\\/schema\\\/person\\\/22d67dccf4ece8d36acc445d1b2d9198\",\"name\":\"Marinke Van Riet\",\"sameAs\":[\"http:\\\/\\\/www.voice.global\"],\"url\":\"https:\\\/\\\/voice.global\\\/fr\\\/author\\\/marinke\\\/\"}]}<\/script>\n<!-- \/ Yoast SEO plugin. -->","yoast_head_json":{"title":"Faire de l'\u00eatre ensemble une r\u00e9alit\u00e9 ! - Voice.Global","robots":{"index":"index","follow":"follow","max-snippet":"max-snippet:-1","max-image-preview":"max-image-preview:large","max-video-preview":"max-video-preview:-1"},"canonical":"https:\/\/voice.global\/fr\/faire-une-realite\/","og_locale":"fr_FR","og_type":"article","og_title":"Faire de l'\u00eatre ensemble une r\u00e9alit\u00e9 ! - Voice.Global","og_description":"Une premi\u00e8re : une visite de travail num\u00e9rique entre la ministre Kaag et l&rsquo;AMPA au Mali Afin de rester en contact avec les d\u00e9veloppements locaux au Mali, notamment en ce qui concerne l&rsquo;impact de COVID-19, la ministre du Commerce Ext\u00e9rieur et de la Coop\u00e9ration au D\u00e9veloppement, Madame Sigrid Kaag, a rendu une visite de travail [&hellip;]","og_url":"https:\/\/voice.global\/fr\/faire-une-realite\/","og_site_name":"Voice.Global","article_published_time":"2020-06-25T10:39:24+00:00","article_modified_time":"2020-06-25T12:05:42+00:00","og_image":[{"width":1675,"height":588,"url":"https:\/\/voice.global\/assets\/2020\/06\/cover-picture-story.png","type":"image\/png"}],"author":"Marinke Van Riet","twitter_card":"summary_large_image","twitter_misc":{"\u00c9crit par":"Marinke Van Riet","Dur\u00e9e de lecture estim\u00e9e":"3 minutes"},"schema":{"@context":"https:\/\/schema.org","@graph":[{"@type":"Article","@id":"https:\/\/voice.global\/fr\/faire-une-realite\/#article","isPartOf":{"@id":"https:\/\/voice.global\/fr\/faire-une-realite\/"},"author":{"name":"Marinke Van Riet","@id":"https:\/\/voice.global\/#\/schema\/person\/22d67dccf4ece8d36acc445d1b2d9198"},"headline":"Faire de l&rsquo;\u00eatre ensemble une r\u00e9alit\u00e9 !","datePublished":"2020-06-25T10:39:24+00:00","dateModified":"2020-06-25T12:05:42+00:00","mainEntityOfPage":{"@id":"https:\/\/voice.global\/fr\/faire-une-realite\/"},"wordCount":550,"commentCount":0,"image":{"@id":"https:\/\/voice.global\/fr\/faire-une-realite\/#primaryimage"},"thumbnailUrl":"https:\/\/voice.global\/assets\/2020\/06\/cover-picture-story.png","articleSection":["Non classifi\u00e9(e)"],"inLanguage":"fr-FR","potentialAction":[{"@type":"CommentAction","name":"Comment","target":["https:\/\/voice.global\/fr\/faire-une-realite\/#respond"]}]},{"@type":"WebPage","@id":"https:\/\/voice.global\/fr\/faire-une-realite\/","url":"https:\/\/voice.global\/fr\/faire-une-realite\/","name":"Faire de l'\u00eatre ensemble une r\u00e9alit\u00e9 ! - Voice.Global","isPartOf":{"@id":"https:\/\/voice.global\/#website"},"primaryImageOfPage":{"@id":"https:\/\/voice.global\/fr\/faire-une-realite\/#primaryimage"},"image":{"@id":"https:\/\/voice.global\/fr\/faire-une-realite\/#primaryimage"},"thumbnailUrl":"https:\/\/voice.global\/assets\/2020\/06\/cover-picture-story.png","datePublished":"2020-06-25T10:39:24+00:00","dateModified":"2020-06-25T12:05:42+00:00","author":{"@id":"https:\/\/voice.global\/#\/schema\/person\/22d67dccf4ece8d36acc445d1b2d9198"},"breadcrumb":{"@id":"https:\/\/voice.global\/fr\/faire-une-realite\/#breadcrumb"},"inLanguage":"fr-FR","potentialAction":[{"@type":"ReadAction","target":["https:\/\/voice.global\/fr\/faire-une-realite\/"]}]},{"@type":"ImageObject","inLanguage":"fr-FR","@id":"https:\/\/voice.global\/fr\/faire-une-realite\/#primaryimage","url":"https:\/\/voice.global\/assets\/2020\/06\/cover-picture-story.png","contentUrl":"https:\/\/voice.global\/assets\/2020\/06\/cover-picture-story.png","width":1675,"height":588},{"@type":"BreadcrumbList","@id":"https:\/\/voice.global\/fr\/faire-une-realite\/#breadcrumb","itemListElement":[{"@type":"ListItem","position":1,"name":"Home","item":"https:\/\/voice.global\/fr\/"},{"@type":"ListItem","position":2,"name":"Faire de l&rsquo;\u00eatre ensemble une r\u00e9alit\u00e9 !"}]},{"@type":"WebSite","@id":"https:\/\/voice.global\/#website","url":"https:\/\/voice.global\/","name":"Voice.Global","description":"Include - Innovate - Influence","potentialAction":[{"@type":"SearchAction","target":{"@type":"EntryPoint","urlTemplate":"https:\/\/voice.global\/?s={search_term_string}"},"query-input":{"@type":"PropertyValueSpecification","valueRequired":true,"valueName":"search_term_string"}}],"inLanguage":"fr-FR"},{"@type":"Person","@id":"https:\/\/voice.global\/#\/schema\/person\/22d67dccf4ece8d36acc445d1b2d9198","name":"Marinke Van Riet","sameAs":["http:\/\/www.voice.global"],"url":"https:\/\/voice.global\/fr\/author\/marinke\/"}]}},"thumbnail_src":"https:\/\/voice.global\/assets\/2020\/06\/cover-picture-story.png","_links":{"self":[{"href":"https:\/\/voice.global\/fr\/wp-json\/wp\/v2\/posts\/10088","targetHints":{"allow":["GET"]}}],"collection":[{"href":"https:\/\/voice.global\/fr\/wp-json\/wp\/v2\/posts"}],"about":[{"href":"https:\/\/voice.global\/fr\/wp-json\/wp\/v2\/types\/post"}],"author":[{"embeddable":true,"href":"https:\/\/voice.global\/fr\/wp-json\/wp\/v2\/users\/5"}],"replies":[{"embeddable":true,"href":"https:\/\/voice.global\/fr\/wp-json\/wp\/v2\/comments?post=10088"}],"version-history":[{"count":1,"href":"https:\/\/voice.global\/fr\/wp-json\/wp\/v2\/posts\/10088\/revisions"}],"predecessor-version":[{"id":10089,"href":"https:\/\/voice.global\/fr\/wp-json\/wp\/v2\/posts\/10088\/revisions\/10089"}],"wp:featuredmedia":[{"embeddable":true,"href":"https:\/\/voice.global\/fr\/wp-json\/wp\/v2\/media\/10083"}],"wp:attachment":[{"href":"https:\/\/voice.global\/fr\/wp-json\/wp\/v2\/media?parent=10088"}],"wp:term":[{"taxonomy":"category","embeddable":true,"href":"https:\/\/voice.global\/fr\/wp-json\/wp\/v2\/categories?post=10088"},{"taxonomy":"post_tag","embeddable":true,"href":"https:\/\/voice.global\/fr\/wp-json\/wp\/v2\/tags?post=10088"},{"taxonomy":"country-cat","embeddable":true,"href":"https:\/\/voice.global\/fr\/wp-json\/wp\/v2\/country-cat?post=10088"}],"curies":[{"name":"wp","href":"https:\/\/api.w.org\/{rel}","templated":true}]}}