{"id":9968,"date":"2020-06-17T15:02:48","date_gmt":"2020-06-17T13:02:48","guid":{"rendered":"https:\/\/voice.global\/?post_type=blog&#038;p=9968"},"modified":"2020-06-23T12:35:25","modified_gmt":"2020-06-23T10:35:25","slug":"quand-le-corps-parle","status":"publish","type":"blog","link":"https:\/\/voice.global\/fr\/blog\/quand-le-corps-parle\/","title":{"rendered":"Quand le corps parle\u2026\u2026\u2026.."},"content":{"rendered":"\n<h2 class=\"wp-block-heading\">Au lieu des oreilles qui n&rsquo;entendent pas <\/h2>\n\n\n\n<p><em>Ecrit par Sitan COULIBALY, Responsable de Lien, Apprentissage et Communication Voice \u00e0 OXFAM au Mali<\/em><\/p>\n\n\n\n<p>Le projet <em><a href=\"https:\/\/voice.global\/fr\/partenaires\/parole-de-corps\/\">Parole de corps<\/a><\/em> mise en \u0153uvre par Famu Danse et Kuma S\u00f4 Th\u00e9\u00e2tre est une exp\u00e9rience innovante unique d\u2019\u00e9change de comp\u00e9tence entre des artistes du spectacle de la danse et du th\u00e9\u00e2tre, et une cinquantaine de jeunes ayant une d\u00e9ficience auditive a S\u00e9gou, Bamako et Koutiala. <\/p>\n\n\n\n<p>Les jeunes malentendants \u00e0 travers leur participation aux activit\u00e9s ont pu d\u00e9velopper des connaissances en mati\u00e8re de mouvement et d\u2019expression corporels. La barri\u00e8re qui \u00e9tait la parole a pu \u00eatre briser aujourd\u2019hui par une bonne connexion mais surtout une collaboration avec les chor\u00e9graphes et danseurs ainsi que des acteurs et metteurs en sc\u00e8ne.<\/p>\n\n\n\n<figure class=\"wp-block-image size-large\"><img loading=\"lazy\" decoding=\"async\" width=\"940\" height=\"788\" src=\"https:\/\/voice.global\/assets\/2020\/06\/Jeune-pour-le-theatre-004.png\" alt=\"\" class=\"wp-image-9979\" srcset=\"https:\/\/voice.global\/assets\/2020\/06\/Jeune-pour-le-theatre-004.png 940w, https:\/\/voice.global\/assets\/2020\/06\/Jeune-pour-le-theatre-004-300x251.png 300w, https:\/\/voice.global\/assets\/2020\/06\/Jeune-pour-le-theatre-004-768x644.png 768w\" sizes=\"auto, (max-width: 940px) 100vw, 940px\" \/><\/figure>\n\n\n\n<p>Dans la formation de th\u00e9\u00e2tre le metteur en sc\u00e8ne initie les jeunes \u00e0 connaitre leur corps, \u00e0 savoir comment occuper une sc\u00e8ne ensuite viendra la mise en sc\u00e8ne des modules, les modules sont un m\u00e9lange de litt\u00e9rature et des mouvements corporels. Le corps remplace la parole ainsi les \u00e9crits du th\u00e9\u00e2tre sont interpr\u00e9t\u00e9s par des mouvements corporels et des signes pour permettre aux spectateurs de comprendre le message qu\u2019ils veulent passer. &nbsp;A travers la parole du corps les jeunes malentendants racontent des histoires sur les m\u00e9faits du mariage forc\u00e9 et passent aussi des messages sur l\u2019actualit\u00e9 politique du pays.<\/p>\n\n\n\n<p>Avec le soutien du metteur en sc\u00e8ne l\u2019\u00e9quipe communication a pu prendre les impressions de quelques d\u00e9tenteurs de droit.<\/p>\n\n\n\n<p>Le th\u00e9\u00e2tre n\u2019est pas le seul art \u00e0 travers lequel les jeunes malentendants s\u2019\u00e9panouissent et bien \u00e0 travers la danse aussi. Ces jeunes ont pass\u00e9 \u00e0 peu pr\u00e8s une ann\u00e9e de r\u00e9p\u00e9tition pour pouvoir cr\u00e9er des mouvements de danse qui exprime le langage de signe. C\u2019est apr\u00e8s des causeries avec les jeunes que le chor\u00e9graphe imagine des mouvements de danse pour exprimer ce que les jeunes pensent de la vie, mais surtout permettre aux jeunes de raconter leur histoire et de passer des messages qui les tiennent \u00e0 c\u0153urs.<\/p>\n\n\n\n<figure class=\"wp-block-image size-large\"><img loading=\"lazy\" decoding=\"async\" width=\"940\" height=\"788\" src=\"https:\/\/voice.global\/assets\/2020\/06\/Jeune-pour-la-danse-004.png\" alt=\"\" class=\"wp-image-9981\" srcset=\"https:\/\/voice.global\/assets\/2020\/06\/Jeune-pour-la-danse-004.png 940w, https:\/\/voice.global\/assets\/2020\/06\/Jeune-pour-la-danse-004-300x251.png 300w, https:\/\/voice.global\/assets\/2020\/06\/Jeune-pour-la-danse-004-768x644.png 768w\" sizes=\"auto, (max-width: 940px) 100vw, 940px\" \/><\/figure>\n","protected":false},"excerpt":{"rendered":"<p>Au lieu des oreilles qui n&rsquo;entendent pas Ecrit par Sitan COULIBALY, Responsable de Lien, Apprentissage et Communication Voice \u00e0 OXFAM au Mali Le projet Parole de corps mise en \u0153uvre par Famu Danse et Kuma S\u00f4 Th\u00e9\u00e2tre est une exp\u00e9rience innovante unique d\u2019\u00e9change de comp\u00e9tence entre des artistes du spectacle de la danse et du [&hellip;]<\/p>\n","protected":false},"author":5,"featured_media":9971,"template":"","categories":[],"tags":[],"country-cat":[],"publisher":[],"class_list":["post-9968","blog","type-blog","status-publish","has-post-thumbnail","hentry"],"yoast_head":"<!-- This site is optimized with the Yoast SEO plugin v27.4 - https:\/\/yoast.com\/product\/yoast-seo-wordpress\/ -->\n<title>Quand le corps parle\u2026\u2026\u2026.. - Voice.Global<\/title>\n<meta name=\"robots\" content=\"index, follow, max-snippet:-1, max-image-preview:large, max-video-preview:-1\" \/>\n<link rel=\"canonical\" href=\"https:\/\/voice.global\/fr\/blog\/quand-le-corps-parle\/\" \/>\n<meta property=\"og:locale\" content=\"fr_FR\" \/>\n<meta property=\"og:type\" content=\"article\" \/>\n<meta property=\"og:title\" content=\"Quand le corps parle\u2026\u2026\u2026.. - Voice.Global\" \/>\n<meta property=\"og:description\" content=\"Au lieu des oreilles qui n&rsquo;entendent pas Ecrit par Sitan COULIBALY, Responsable de Lien, Apprentissage et Communication Voice \u00e0 OXFAM au Mali Le projet Parole de corps mise en \u0153uvre par Famu Danse et Kuma S\u00f4 Th\u00e9\u00e2tre est une exp\u00e9rience innovante unique d\u2019\u00e9change de comp\u00e9tence entre des artistes du spectacle de la danse et du [&hellip;]\" \/>\n<meta property=\"og:url\" content=\"https:\/\/voice.global\/fr\/blog\/quand-le-corps-parle\/\" \/>\n<meta property=\"og:site_name\" content=\"Voice.Global\" \/>\n<meta property=\"article:modified_time\" content=\"2020-06-23T10:35:25+00:00\" \/>\n<meta property=\"og:image\" content=\"https:\/\/voice.global\/assets\/2020\/06\/Famu-danse2.jpg\" \/>\n\t<meta property=\"og:image:width\" content=\"720\" \/>\n\t<meta property=\"og:image:height\" content=\"480\" \/>\n\t<meta property=\"og:image:type\" content=\"image\/jpeg\" \/>\n<meta name=\"twitter:card\" content=\"summary_large_image\" \/>\n<meta name=\"twitter:label1\" content=\"Dur\u00e9e de lecture estim\u00e9e\" \/>\n\t<meta name=\"twitter:data1\" content=\"2 minutes\" \/>\n<script type=\"application\/ld+json\" class=\"yoast-schema-graph\">{\"@context\":\"https:\\\/\\\/schema.org\",\"@graph\":[{\"@type\":\"WebPage\",\"@id\":\"https:\\\/\\\/voice.global\\\/fr\\\/blog\\\/quand-le-corps-parle\\\/\",\"url\":\"https:\\\/\\\/voice.global\\\/fr\\\/blog\\\/quand-le-corps-parle\\\/\",\"name\":\"Quand le corps parle\u2026\u2026\u2026.. - Voice.Global\",\"isPartOf\":{\"@id\":\"https:\\\/\\\/voice.global\\\/#website\"},\"primaryImageOfPage\":{\"@id\":\"https:\\\/\\\/voice.global\\\/fr\\\/blog\\\/quand-le-corps-parle\\\/#primaryimage\"},\"image\":{\"@id\":\"https:\\\/\\\/voice.global\\\/fr\\\/blog\\\/quand-le-corps-parle\\\/#primaryimage\"},\"thumbnailUrl\":\"https:\\\/\\\/voice.global\\\/assets\\\/2020\\\/06\\\/Famu-danse2.jpg\",\"datePublished\":\"2020-06-17T13:02:48+00:00\",\"dateModified\":\"2020-06-23T10:35:25+00:00\",\"breadcrumb\":{\"@id\":\"https:\\\/\\\/voice.global\\\/fr\\\/blog\\\/quand-le-corps-parle\\\/#breadcrumb\"},\"inLanguage\":\"fr-FR\",\"potentialAction\":[{\"@type\":\"ReadAction\",\"target\":[\"https:\\\/\\\/voice.global\\\/fr\\\/blog\\\/quand-le-corps-parle\\\/\"]}]},{\"@type\":\"ImageObject\",\"inLanguage\":\"fr-FR\",\"@id\":\"https:\\\/\\\/voice.global\\\/fr\\\/blog\\\/quand-le-corps-parle\\\/#primaryimage\",\"url\":\"https:\\\/\\\/voice.global\\\/assets\\\/2020\\\/06\\\/Famu-danse2.jpg\",\"contentUrl\":\"https:\\\/\\\/voice.global\\\/assets\\\/2020\\\/06\\\/Famu-danse2.jpg\",\"width\":720,\"height\":480},{\"@type\":\"BreadcrumbList\",\"@id\":\"https:\\\/\\\/voice.global\\\/fr\\\/blog\\\/quand-le-corps-parle\\\/#breadcrumb\",\"itemListElement\":[{\"@type\":\"ListItem\",\"position\":1,\"name\":\"Home\",\"item\":\"https:\\\/\\\/voice.global\\\/fr\\\/\"},{\"@type\":\"ListItem\",\"position\":2,\"name\":\"Blogs\",\"item\":\"https:\\\/\\\/voice.global\\\/blog\\\/\"},{\"@type\":\"ListItem\",\"position\":3,\"name\":\"Quand le corps parle\u2026\u2026\u2026..\"}]},{\"@type\":\"WebSite\",\"@id\":\"https:\\\/\\\/voice.global\\\/#website\",\"url\":\"https:\\\/\\\/voice.global\\\/\",\"name\":\"Voice.Global\",\"description\":\"Include - Innovate - Influence\",\"potentialAction\":[{\"@type\":\"SearchAction\",\"target\":{\"@type\":\"EntryPoint\",\"urlTemplate\":\"https:\\\/\\\/voice.global\\\/?s={search_term_string}\"},\"query-input\":{\"@type\":\"PropertyValueSpecification\",\"valueRequired\":true,\"valueName\":\"search_term_string\"}}],\"inLanguage\":\"fr-FR\"}]}<\/script>\n<!-- \/ Yoast SEO plugin. -->","yoast_head_json":{"title":"Quand le corps parle\u2026\u2026\u2026.. - Voice.Global","robots":{"index":"index","follow":"follow","max-snippet":"max-snippet:-1","max-image-preview":"max-image-preview:large","max-video-preview":"max-video-preview:-1"},"canonical":"https:\/\/voice.global\/fr\/blog\/quand-le-corps-parle\/","og_locale":"fr_FR","og_type":"article","og_title":"Quand le corps parle\u2026\u2026\u2026.. - Voice.Global","og_description":"Au lieu des oreilles qui n&rsquo;entendent pas Ecrit par Sitan COULIBALY, Responsable de Lien, Apprentissage et Communication Voice \u00e0 OXFAM au Mali Le projet Parole de corps mise en \u0153uvre par Famu Danse et Kuma S\u00f4 Th\u00e9\u00e2tre est une exp\u00e9rience innovante unique d\u2019\u00e9change de comp\u00e9tence entre des artistes du spectacle de la danse et du [&hellip;]","og_url":"https:\/\/voice.global\/fr\/blog\/quand-le-corps-parle\/","og_site_name":"Voice.Global","article_modified_time":"2020-06-23T10:35:25+00:00","og_image":[{"width":720,"height":480,"url":"https:\/\/voice.global\/assets\/2020\/06\/Famu-danse2.jpg","type":"image\/jpeg"}],"twitter_card":"summary_large_image","twitter_misc":{"Dur\u00e9e de lecture estim\u00e9e":"2 minutes"},"schema":{"@context":"https:\/\/schema.org","@graph":[{"@type":"WebPage","@id":"https:\/\/voice.global\/fr\/blog\/quand-le-corps-parle\/","url":"https:\/\/voice.global\/fr\/blog\/quand-le-corps-parle\/","name":"Quand le corps parle\u2026\u2026\u2026.. - Voice.Global","isPartOf":{"@id":"https:\/\/voice.global\/#website"},"primaryImageOfPage":{"@id":"https:\/\/voice.global\/fr\/blog\/quand-le-corps-parle\/#primaryimage"},"image":{"@id":"https:\/\/voice.global\/fr\/blog\/quand-le-corps-parle\/#primaryimage"},"thumbnailUrl":"https:\/\/voice.global\/assets\/2020\/06\/Famu-danse2.jpg","datePublished":"2020-06-17T13:02:48+00:00","dateModified":"2020-06-23T10:35:25+00:00","breadcrumb":{"@id":"https:\/\/voice.global\/fr\/blog\/quand-le-corps-parle\/#breadcrumb"},"inLanguage":"fr-FR","potentialAction":[{"@type":"ReadAction","target":["https:\/\/voice.global\/fr\/blog\/quand-le-corps-parle\/"]}]},{"@type":"ImageObject","inLanguage":"fr-FR","@id":"https:\/\/voice.global\/fr\/blog\/quand-le-corps-parle\/#primaryimage","url":"https:\/\/voice.global\/assets\/2020\/06\/Famu-danse2.jpg","contentUrl":"https:\/\/voice.global\/assets\/2020\/06\/Famu-danse2.jpg","width":720,"height":480},{"@type":"BreadcrumbList","@id":"https:\/\/voice.global\/fr\/blog\/quand-le-corps-parle\/#breadcrumb","itemListElement":[{"@type":"ListItem","position":1,"name":"Home","item":"https:\/\/voice.global\/fr\/"},{"@type":"ListItem","position":2,"name":"Blogs","item":"https:\/\/voice.global\/blog\/"},{"@type":"ListItem","position":3,"name":"Quand le corps parle\u2026\u2026\u2026.."}]},{"@type":"WebSite","@id":"https:\/\/voice.global\/#website","url":"https:\/\/voice.global\/","name":"Voice.Global","description":"Include - Innovate - Influence","potentialAction":[{"@type":"SearchAction","target":{"@type":"EntryPoint","urlTemplate":"https:\/\/voice.global\/?s={search_term_string}"},"query-input":{"@type":"PropertyValueSpecification","valueRequired":true,"valueName":"search_term_string"}}],"inLanguage":"fr-FR"}]}},"thumbnail_src":"https:\/\/voice.global\/assets\/2020\/06\/Famu-danse2.jpg","_links":{"self":[{"href":"https:\/\/voice.global\/fr\/wp-json\/wp\/v2\/blog\/9968","targetHints":{"allow":["GET"]}}],"collection":[{"href":"https:\/\/voice.global\/fr\/wp-json\/wp\/v2\/blog"}],"about":[{"href":"https:\/\/voice.global\/fr\/wp-json\/wp\/v2\/types\/blog"}],"author":[{"embeddable":true,"href":"https:\/\/voice.global\/fr\/wp-json\/wp\/v2\/users\/5"}],"version-history":[{"count":0,"href":"https:\/\/voice.global\/fr\/wp-json\/wp\/v2\/blog\/9968\/revisions"}],"wp:featuredmedia":[{"embeddable":true,"href":"https:\/\/voice.global\/fr\/wp-json\/wp\/v2\/media\/9971"}],"wp:attachment":[{"href":"https:\/\/voice.global\/fr\/wp-json\/wp\/v2\/media?parent=9968"}],"wp:term":[{"taxonomy":"category","embeddable":true,"href":"https:\/\/voice.global\/fr\/wp-json\/wp\/v2\/categories?post=9968"},{"taxonomy":"post_tag","embeddable":true,"href":"https:\/\/voice.global\/fr\/wp-json\/wp\/v2\/tags?post=9968"},{"taxonomy":"country-cat","embeddable":true,"href":"https:\/\/voice.global\/fr\/wp-json\/wp\/v2\/country-cat?post=9968"},{"taxonomy":"publisher","embeddable":true,"href":"https:\/\/voice.global\/fr\/wp-json\/wp\/v2\/publisher?post=9968"}],"curies":[{"name":"wp","href":"https:\/\/api.w.org\/{rel}","templated":true}]}}