{"id":9908,"date":"2020-06-10T12:58:23","date_gmt":"2020-06-10T10:58:23","guid":{"rendered":"https:\/\/voice.global\/blog\/ready-to-shine\/"},"modified":"2020-06-10T13:38:49","modified_gmt":"2020-06-10T11:38:49","slug":"pretes-pour-briller","status":"publish","type":"blog","link":"https:\/\/voice.global\/fr\/blog\/pretes-pour-briller\/","title":{"rendered":"Pr\u00eat(es) pour briller !"},"content":{"rendered":"\n<h3 class=\"wp-block-heading\">Preparer pour le 13 Juin #fait(es)pourbriller<\/h3>\n\n\n\n<p>Le 13 juin est la journ\u00e9e internationale de sensibilisation \u00e0 l&rsquo;albinisme ou IAAD  (en anglais); la journ\u00e9e pour accueillir une attention internationale particuli\u00e8re et croissante sur la situation des droits humains des personnes atteintes d&rsquo;albinisme. La Journ\u00e9e internationale de sensibilisation \u00e0 l&rsquo;albinisme est \u00e9galement l&rsquo;occasion de reconna\u00eetre l&rsquo;importance d&rsquo;une meilleure connaissance et compr\u00e9hension de l&rsquo;albinisme afin de lutter contre la discrimination et la stigmatisation des personnes atteintes d&rsquo;albinisme dans le monde. Le th\u00e8me de cette ann\u00e9e est #fait(es)pourbriller<\/p>\n\n\n\n<p>Et l&rsquo;Association Malienne pour la Protection des Albinos ou <a href=\"https:\/\/voice.global\/fr\/partenaires\/observatoire-des-droits-des-personnes-atteintes-dalbinisme-au-mali\/\">AMPA<\/a> fait un excellent travail en se pr\u00e9parant \u00e0 briller pour #fait(es)pourbriller !<\/p>\n\n\n\n<p>L&rsquo;AMPA a travaill\u00e9 avec ses membres &#8211; toutes les personnes atteintes d&rsquo;albinisme &#8211; pour raconter leur propre histoire sous forme de mots parl\u00e9s ou de slam &#8211; une comp\u00e9tence qu&rsquo;ils ont acquise en travaillant avec Agoratoire &#8211; un autre partenaire de Voice au Mali. Les histoires parlent de l&rsquo;abandon scolaire, de l&rsquo;amour jeune, des r\u00eaves et de l&rsquo;espoir. Mais tout cela est rendu tellement plus compliqu\u00e9 par ce qu&rsquo;ils sont &#8211; ce qui, selon eux, n&rsquo;est pas forc\u00e9ment le cas. C&rsquo;est plut\u00f4t leur environnement qui rend les choses inutilement difficiles ! Alors qu&rsquo;au d\u00e9but, leurs slams \u00e9taient pratiqu\u00e9es en petits groupes, pour le 13 juin, elles sont maintenant pr\u00eates \u00e0 \u00eatre rendues publiques !<\/p>\n\n\n\n<p>Le slam d&rsquo;Aichatou Coulibaly explique pourquoi il est si difficile de rester \u00e0 l&rsquo;\u00e9cole en face d&rsquo;intimidation de la part de ses camarades et de ses professeurs. Mais elle n&rsquo;en plaide pas moins pour son droit \u00e0 l&rsquo;\u00e9ducation, un outil important pour renverser cette stigmatisation !<\/p>\n\n\n\n<figure class=\"wp-block-video\"><video height=\"352\" style=\"aspect-ratio: 640 \/ 352;\" width=\"640\" controls src=\"https:\/\/voice.global\/assets\/2020\/06\/Aichatou-Coulibaly-Video-2020-06-03-at-08.11.56.mp4\"><\/video><\/figure>\n\n\n\n<p>Le slam d&rsquo;Assitan Traore raconte l&rsquo;histoire d&rsquo;une relation heureuse pendant sept ans, jusqu&rsquo;\u00e0 ce qu&rsquo;elle soit pr\u00e9sent\u00e9e \u00e0 la famille de son fianc\u00e9 et que tout change. Elle d\u00e9fend elle-m\u00eame son droit au bonheur, son droit d&rsquo;appartenance et le fait qu&rsquo;elle est une Africaine comme tout le monde.<\/p>\n\n\n\n<figure class=\"wp-block-video\"><video height=\"352\" style=\"aspect-ratio: 640 \/ 352;\" width=\"640\" controls src=\"https:\/\/voice.global\/assets\/2020\/06\/WhatsApp-Video-2020-06-03-at-08.06.54.mp4\"><\/video><\/figure>\n\n\n\n<p>Enfin, Aichatou Sidibe se prononce contre le meurtre rituel des personnes atteintes d&rsquo;albinisme &#8211; une pratique particuli\u00e8rement r\u00e9pandue en p\u00e9riode \u00e9lectorale, comme nous l&rsquo;avons signal\u00e9 dans le cas de <a href=\"https:\/\/voice.global\/fr\/histoires\/lhistoire-de-ramata-diarra-lhistoire-dalbinism-au-mali\/\">Ramata Diarra<\/a> en 2017.<\/p>\n\n\n\n<figure class=\"wp-block-video\"><video height=\"352\" style=\"aspect-ratio: 640 \/ 352;\" width=\"640\" controls src=\"https:\/\/voice.global\/assets\/2020\/06\/Aichata-Sidibe-Video-2020-06-03-at-08.06.52.mp4\"><\/video><\/figure>\n\n\n\n<p> Amusez-vous! #Fait(es)pourbriller <\/p>\n","protected":false},"excerpt":{"rendered":"<p>Preparer pour le 13 Juin #fait(es)pourbriller Le 13 juin est la journ\u00e9e internationale de sensibilisation \u00e0 l&rsquo;albinisme ou IAAD (en anglais); la journ\u00e9e pour accueillir une attention internationale particuli\u00e8re et croissante sur la situation des droits humains des personnes atteintes d&rsquo;albinisme. La Journ\u00e9e internationale de sensibilisation \u00e0 l&rsquo;albinisme est \u00e9galement l&rsquo;occasion de reconna\u00eetre l&rsquo;importance d&rsquo;une [&hellip;]<\/p>\n","protected":false},"author":5,"featured_media":9906,"template":"","categories":[],"tags":[],"country-cat":[],"publisher":[],"class_list":["post-9908","blog","type-blog","status-publish","has-post-thumbnail","hentry"],"yoast_head":"<!-- This site is optimized with the Yoast SEO plugin v27.4 - https:\/\/yoast.com\/product\/yoast-seo-wordpress\/ -->\n<title>Pr\u00eat(es) pour briller ! - Voice.Global<\/title>\n<meta name=\"robots\" content=\"index, follow, max-snippet:-1, max-image-preview:large, max-video-preview:-1\" \/>\n<link rel=\"canonical\" href=\"https:\/\/voice.global\/fr\/blog\/pretes-pour-briller\/\" \/>\n<meta property=\"og:locale\" content=\"fr_FR\" \/>\n<meta property=\"og:type\" content=\"article\" \/>\n<meta property=\"og:title\" content=\"Pr\u00eat(es) pour briller ! - Voice.Global\" \/>\n<meta property=\"og:description\" content=\"Preparer pour le 13 Juin #fait(es)pourbriller Le 13 juin est la journ\u00e9e internationale de sensibilisation \u00e0 l&rsquo;albinisme ou IAAD (en anglais); la journ\u00e9e pour accueillir une attention internationale particuli\u00e8re et croissante sur la situation des droits humains des personnes atteintes d&rsquo;albinisme. La Journ\u00e9e internationale de sensibilisation \u00e0 l&rsquo;albinisme est \u00e9galement l&rsquo;occasion de reconna\u00eetre l&rsquo;importance d&rsquo;une [&hellip;]\" \/>\n<meta property=\"og:url\" content=\"https:\/\/voice.global\/fr\/blog\/pretes-pour-briller\/\" \/>\n<meta property=\"og:site_name\" content=\"Voice.Global\" \/>\n<meta property=\"article:modified_time\" content=\"2020-06-10T11:38:49+00:00\" \/>\n<meta property=\"og:image\" content=\"https:\/\/voice.global\/assets\/2020\/06\/IAAD2020.png\" \/>\n\t<meta property=\"og:image:width\" content=\"1190\" \/>\n\t<meta property=\"og:image:height\" content=\"874\" \/>\n\t<meta property=\"og:image:type\" content=\"image\/png\" \/>\n<meta name=\"twitter:card\" content=\"summary_large_image\" \/>\n<meta name=\"twitter:label1\" content=\"Dur\u00e9e de lecture estim\u00e9e\" \/>\n\t<meta name=\"twitter:data1\" content=\"2 minutes\" \/>\n<script type=\"application\/ld+json\" class=\"yoast-schema-graph\">{\"@context\":\"https:\\\/\\\/schema.org\",\"@graph\":[{\"@type\":\"WebPage\",\"@id\":\"https:\\\/\\\/voice.global\\\/fr\\\/blog\\\/pretes-pour-briller\\\/\",\"url\":\"https:\\\/\\\/voice.global\\\/fr\\\/blog\\\/pretes-pour-briller\\\/\",\"name\":\"Pr\u00eat(es) pour briller ! - Voice.Global\",\"isPartOf\":{\"@id\":\"https:\\\/\\\/voice.global\\\/fr\\\/#website\"},\"primaryImageOfPage\":{\"@id\":\"https:\\\/\\\/voice.global\\\/fr\\\/blog\\\/pretes-pour-briller\\\/#primaryimage\"},\"image\":{\"@id\":\"https:\\\/\\\/voice.global\\\/fr\\\/blog\\\/pretes-pour-briller\\\/#primaryimage\"},\"thumbnailUrl\":\"https:\\\/\\\/voice.global\\\/assets\\\/2020\\\/06\\\/IAAD2020.png\",\"datePublished\":\"2020-06-10T10:58:23+00:00\",\"dateModified\":\"2020-06-10T11:38:49+00:00\",\"breadcrumb\":{\"@id\":\"https:\\\/\\\/voice.global\\\/fr\\\/blog\\\/pretes-pour-briller\\\/#breadcrumb\"},\"inLanguage\":\"fr-FR\",\"potentialAction\":[{\"@type\":\"ReadAction\",\"target\":[\"https:\\\/\\\/voice.global\\\/fr\\\/blog\\\/pretes-pour-briller\\\/\"]}]},{\"@type\":\"ImageObject\",\"inLanguage\":\"fr-FR\",\"@id\":\"https:\\\/\\\/voice.global\\\/fr\\\/blog\\\/pretes-pour-briller\\\/#primaryimage\",\"url\":\"https:\\\/\\\/voice.global\\\/assets\\\/2020\\\/06\\\/IAAD2020.png\",\"contentUrl\":\"https:\\\/\\\/voice.global\\\/assets\\\/2020\\\/06\\\/IAAD2020.png\",\"width\":1190,\"height\":874},{\"@type\":\"BreadcrumbList\",\"@id\":\"https:\\\/\\\/voice.global\\\/fr\\\/blog\\\/pretes-pour-briller\\\/#breadcrumb\",\"itemListElement\":[{\"@type\":\"ListItem\",\"position\":1,\"name\":\"Home\",\"item\":\"https:\\\/\\\/voice.global\\\/fr\\\/\"},{\"@type\":\"ListItem\",\"position\":2,\"name\":\"Blogs\",\"item\":\"https:\\\/\\\/voice.global\\\/blog\\\/\"},{\"@type\":\"ListItem\",\"position\":3,\"name\":\"Pr\u00eat(es) pour briller !\"}]},{\"@type\":\"WebSite\",\"@id\":\"https:\\\/\\\/voice.global\\\/fr\\\/#website\",\"url\":\"https:\\\/\\\/voice.global\\\/fr\\\/\",\"name\":\"Voice.Global\",\"description\":\"Include - Innovate - Influence\",\"potentialAction\":[{\"@type\":\"SearchAction\",\"target\":{\"@type\":\"EntryPoint\",\"urlTemplate\":\"https:\\\/\\\/voice.global\\\/fr\\\/?s={search_term_string}\"},\"query-input\":{\"@type\":\"PropertyValueSpecification\",\"valueRequired\":true,\"valueName\":\"search_term_string\"}}],\"inLanguage\":\"fr-FR\"}]}<\/script>\n<!-- \/ Yoast SEO plugin. -->","yoast_head_json":{"title":"Pr\u00eat(es) pour briller ! - Voice.Global","robots":{"index":"index","follow":"follow","max-snippet":"max-snippet:-1","max-image-preview":"max-image-preview:large","max-video-preview":"max-video-preview:-1"},"canonical":"https:\/\/voice.global\/fr\/blog\/pretes-pour-briller\/","og_locale":"fr_FR","og_type":"article","og_title":"Pr\u00eat(es) pour briller ! - Voice.Global","og_description":"Preparer pour le 13 Juin #fait(es)pourbriller Le 13 juin est la journ\u00e9e internationale de sensibilisation \u00e0 l&rsquo;albinisme ou IAAD (en anglais); la journ\u00e9e pour accueillir une attention internationale particuli\u00e8re et croissante sur la situation des droits humains des personnes atteintes d&rsquo;albinisme. La Journ\u00e9e internationale de sensibilisation \u00e0 l&rsquo;albinisme est \u00e9galement l&rsquo;occasion de reconna\u00eetre l&rsquo;importance d&rsquo;une [&hellip;]","og_url":"https:\/\/voice.global\/fr\/blog\/pretes-pour-briller\/","og_site_name":"Voice.Global","article_modified_time":"2020-06-10T11:38:49+00:00","og_image":[{"width":1190,"height":874,"url":"https:\/\/voice.global\/assets\/2020\/06\/IAAD2020.png","type":"image\/png"}],"twitter_card":"summary_large_image","twitter_misc":{"Dur\u00e9e de lecture estim\u00e9e":"2 minutes"},"schema":{"@context":"https:\/\/schema.org","@graph":[{"@type":"WebPage","@id":"https:\/\/voice.global\/fr\/blog\/pretes-pour-briller\/","url":"https:\/\/voice.global\/fr\/blog\/pretes-pour-briller\/","name":"Pr\u00eat(es) pour briller ! - Voice.Global","isPartOf":{"@id":"https:\/\/voice.global\/fr\/#website"},"primaryImageOfPage":{"@id":"https:\/\/voice.global\/fr\/blog\/pretes-pour-briller\/#primaryimage"},"image":{"@id":"https:\/\/voice.global\/fr\/blog\/pretes-pour-briller\/#primaryimage"},"thumbnailUrl":"https:\/\/voice.global\/assets\/2020\/06\/IAAD2020.png","datePublished":"2020-06-10T10:58:23+00:00","dateModified":"2020-06-10T11:38:49+00:00","breadcrumb":{"@id":"https:\/\/voice.global\/fr\/blog\/pretes-pour-briller\/#breadcrumb"},"inLanguage":"fr-FR","potentialAction":[{"@type":"ReadAction","target":["https:\/\/voice.global\/fr\/blog\/pretes-pour-briller\/"]}]},{"@type":"ImageObject","inLanguage":"fr-FR","@id":"https:\/\/voice.global\/fr\/blog\/pretes-pour-briller\/#primaryimage","url":"https:\/\/voice.global\/assets\/2020\/06\/IAAD2020.png","contentUrl":"https:\/\/voice.global\/assets\/2020\/06\/IAAD2020.png","width":1190,"height":874},{"@type":"BreadcrumbList","@id":"https:\/\/voice.global\/fr\/blog\/pretes-pour-briller\/#breadcrumb","itemListElement":[{"@type":"ListItem","position":1,"name":"Home","item":"https:\/\/voice.global\/fr\/"},{"@type":"ListItem","position":2,"name":"Blogs","item":"https:\/\/voice.global\/blog\/"},{"@type":"ListItem","position":3,"name":"Pr\u00eat(es) pour briller !"}]},{"@type":"WebSite","@id":"https:\/\/voice.global\/fr\/#website","url":"https:\/\/voice.global\/fr\/","name":"Voice.Global","description":"Include - Innovate - Influence","potentialAction":[{"@type":"SearchAction","target":{"@type":"EntryPoint","urlTemplate":"https:\/\/voice.global\/fr\/?s={search_term_string}"},"query-input":{"@type":"PropertyValueSpecification","valueRequired":true,"valueName":"search_term_string"}}],"inLanguage":"fr-FR"}]}},"thumbnail_src":"https:\/\/voice.global\/assets\/2020\/06\/IAAD2020.png","_links":{"self":[{"href":"https:\/\/voice.global\/fr\/wp-json\/wp\/v2\/blog\/9908","targetHints":{"allow":["GET"]}}],"collection":[{"href":"https:\/\/voice.global\/fr\/wp-json\/wp\/v2\/blog"}],"about":[{"href":"https:\/\/voice.global\/fr\/wp-json\/wp\/v2\/types\/blog"}],"author":[{"embeddable":true,"href":"https:\/\/voice.global\/fr\/wp-json\/wp\/v2\/users\/5"}],"version-history":[{"count":0,"href":"https:\/\/voice.global\/fr\/wp-json\/wp\/v2\/blog\/9908\/revisions"}],"wp:featuredmedia":[{"embeddable":true,"href":"https:\/\/voice.global\/fr\/wp-json\/wp\/v2\/media\/9906"}],"wp:attachment":[{"href":"https:\/\/voice.global\/fr\/wp-json\/wp\/v2\/media?parent=9908"}],"wp:term":[{"taxonomy":"category","embeddable":true,"href":"https:\/\/voice.global\/fr\/wp-json\/wp\/v2\/categories?post=9908"},{"taxonomy":"post_tag","embeddable":true,"href":"https:\/\/voice.global\/fr\/wp-json\/wp\/v2\/tags?post=9908"},{"taxonomy":"country-cat","embeddable":true,"href":"https:\/\/voice.global\/fr\/wp-json\/wp\/v2\/country-cat?post=9908"},{"taxonomy":"publisher","embeddable":true,"href":"https:\/\/voice.global\/fr\/wp-json\/wp\/v2\/publisher?post=9908"}],"curies":[{"name":"wp","href":"https:\/\/api.w.org\/{rel}","templated":true}]}}