{"id":5493,"date":"2019-02-28T12:09:49","date_gmt":"2019-02-28T11:09:49","guid":{"rendered":"https:\/\/voice.global\/?post_type=blog&#038;p=5493"},"modified":"2019-02-28T12:21:35","modified_gmt":"2019-02-28T11:21:35","slug":"en-solidarite-avec-les-peuples-autochtones-des-philippines","status":"publish","type":"blog","link":"https:\/\/voice.global\/fr\/blog\/en-solidarite-avec-les-peuples-autochtones-des-philippines\/","title":{"rendered":"En Solidarit\u00e9 avec les Peuples Autochtones des Philippines"},"content":{"rendered":"\r\n<p>Voice est solidaire de Bantay Kita, le groupe de travail pour les droits des peuples autochtones (<a href=\"https:\/\/voice.global\/fr\/partenaires\/indigenous-knowledge-cordillera\/\">TFIP<\/a>), le Pacte des peuples autochtones asiatiques (<a href=\"https:\/\/voice.global\/fr\/partenaires\/enabling-indigenous-peoples-engage-sustainable-development-processes\/\">AIPP<\/a>) et l&rsquo;Alliance des peuples de la Cordill\u00e8re (CPA) et exprime ses inqui\u00e9tudes quant au vote du gouvernement philippin relatif au marquage des dirigeants autochtones, d\u00e9fenseurs des droits humains et militants politiques en tant que terroristes.<\/p>\r\n\r\n\r\n\r\n<p>Le 21 f\u00e9vrier 2018, le Minist\u00e8re de la Justice a d\u00e9pos\u00e9 une requ\u00eate devant le Tribunal de premi\u00e8re instance de Manille. Ladite requ\u00eate vise \u00e0 \u00e9tiqueter au moins 600 personnes en tant que terroristes en vertu de la Loi sur la s\u00e9curit\u00e9 humaine de 2007. La liste comprend Joan Carling, l&rsquo;ancien Secr\u00e9taire g\u00e9n\u00e9ral de l&rsquo;AIPP, Victoria Corpuz-Tauli, le Rapporteur sp\u00e9cial des Nations Unies sur les droits des peuples autochtones et d&rsquo;autres dirigeants autochtones. Ces personnalit\u00e9s sont des individus l\u00e9gitimes et l\u00e9gaux qui se battent pour les droits des peuples autochtones aux Philippines et \u00e0 travers le monde. Au cas o\u00f9 la requ\u00eate est approuv\u00e9e, le gouvernement pourra exercer une surveillance sur leurs activit\u00e9s, leurs finances et m\u00eame restreindre leur acc\u00e8s \u00e0 d&rsquo;autres ressources.<\/p>\r\n\r\n\r\n\r\n<p>Il est malheureux de constater que l&rsquo;inclusion des dirigeants autochtones dans cette liste a \u00e9galement des cons\u00e9quences n\u00e9fastes sur l&rsquo;espace civique d\u00e9j\u00e0 restreint aux Philippines avec comme effet collat\u00e9ral une restriction des libert\u00e9s d\u2019association et d\u2019opinion pour la soci\u00e9t\u00e9 civile pour d\u00e9fendre et promouvoir leurs droits dans le cadre d&rsquo;une soci\u00e9t\u00e9 d\u00e9mocratique. La situation est encore aggrav\u00e9e par la poursuite du harc\u00e8lement et l&rsquo;assassinat de dirigeants autochtones dans tout le pays. Les b\u00e9n\u00e9ficiaires de la voix qui travaillent avec les peuples autochtones ont d\u00e9j\u00e0 exprim\u00e9 des inqui\u00e9tudes quant \u00e0 la s\u00e9curit\u00e9 de leur personnel et de leurs partenaires sur le terrain.<\/p>\r\n\r\n\r\n\r\n<p>Voice, en tant que programme de subvention, vise \u00e0 habiliter les personnes les plus marginalis\u00e9es et les plus discrimin\u00e9es, et \u00e0 amplifier leurs voix pour que personne ne soit laiss\u00e9e pour compte. Nous r\u00e9affirmons notre attachement \u00e0 cet objectif et exprimons notre soutien au droit des peuples autochtones d&rsquo;\u00eatre entendus et inclus sans crainte de repr\u00e9sailles de ceux qui sont au pouvoir.<\/p>\r\n\r\n\r\n\r\n<p>Veuillez lire les d\u00e9clarations des partenaires Voice :<\/p>\r\n\r\n\r\n\r\n<ul class=\"wp-block-list\">\r\n<li><a href=\"https:\/\/www.bantaykita.ph\/updates1\/statement-of-solidarity-in-support-of-rights-defenders\">Bantay Kita <\/a>(en anglais seulement)<\/li>\r\n<li><a href=\"http:\/\/philtfip.org\/2018\/03\/12\/stop-the-vilification-and-criminalizing-ip-rights-advocates\/\">Groupe de Travail pour la D\u00e9fense des Droits des Peuples Autochtones<\/a><\/li>\r\n<li>(en anglais seulement)<\/li>\r\n<li><a href=\"https:\/\/aippnet.org\/philippines-end-the-abuse-of-power-and-violence-to-human-rights-defenders\/\">Pacte pour les Peuples Autochtones d\u2019Asie<\/a>(en anglais seulement)<\/li>\r\n<\/ul>\r\n\r\n\r\n\r\n<p>Hivos a \u00e9galement publi\u00e9 <a href=\"https:\/\/www.hivos.org\/news\/human-rights-defenders-and-un-special-rapporteur-on-philippine-terrorist-hit-list\/\">une d\u00e9claration<\/a> (en anglais seulement) pour exprimer son inqui\u00e9tude. En collaboration avec<a href=\"https:\/\/www.article19.org\/\"> l&rsquo;article 19 <\/a>(en anglais seulement), ils ont lanc\u00e9 <a href=\"https:\/\/www.openupcontracting.org\/human-rights-defenders-and-un-special-rapporteur-on-philippine-terrorist-hit-list\/\">un appel \u00e0 l&rsquo;action<\/a> (en anglais seulement) exhortant le gouvernement des Philippines \u00e0 :<\/p>\r\n\r\n\r\n\r\n<ul class=\"wp-block-list\">\r\n<li>Annuler imm\u00e9diatement la liste des terroristes pr\u00e9sum\u00e9s ;<\/li>\r\n<li>Assurer la s\u00e9curit\u00e9 physique des dirigeants des peuples autochtones et des d\u00e9fenseurs des droits humains ;<\/li>\r\n<li>Respecter les obligations de l&rsquo;\u00c9tat en mati\u00e8re de protection des droits universels et des libert\u00e9s fondamentales, y compris l&rsquo;acc\u00e8s \u00e0 la justice, la libert\u00e9 d&rsquo;expression et d&rsquo;association.<\/li>\r\n<\/ul>\r\n\r\n\r\n\r\n<p>Pri\u00e8re de signer <a href=\"https:\/\/www.change.org\/p\/1-h-e-rodrigo-duterte-president-of-the-republic-malaca%C3%B1ang-palace-jp-laurel-st-san-miguel-stop-the-harassment-intimidation-of-indigenous-peoples-leaders-human-rights-defenders\">la p\u00e9tition<\/a> (en anglais seulement) pour soutenir cet appel \u00e0 proposition.<\/p>","protected":false},"excerpt":{"rendered":"<p>Voice est solidaire de Bantay Kita, le groupe de travail pour les droits des peuples autochtones (TFIP), le Pacte des peuples autochtones asiatiques (AIPP) et l&rsquo;Alliance des peuples de la Cordill\u00e8re (CPA) et exprime ses inqui\u00e9tudes quant au vote du gouvernement philippin relatif au marquage des dirigeants autochtones, d\u00e9fenseurs des droits humains et militants politiques [&hellip;]<\/p>\n","protected":false},"author":11,"featured_media":5494,"template":"","categories":[],"tags":[],"country-cat":[],"publisher":[],"class_list":["post-5493","blog","type-blog","status-publish","has-post-thumbnail","hentry"],"yoast_head":"<!-- This site is optimized with the Yoast SEO plugin v27.4 - https:\/\/yoast.com\/product\/yoast-seo-wordpress\/ -->\n<title>En Solidarit\u00e9 avec les Peuples Autochtones des Philippines - Voice.Global<\/title>\n<meta name=\"robots\" content=\"index, follow, max-snippet:-1, max-image-preview:large, max-video-preview:-1\" \/>\n<link rel=\"canonical\" href=\"https:\/\/voice.global\/fr\/blog\/en-solidarite-avec-les-peuples-autochtones-des-philippines\/\" \/>\n<meta property=\"og:locale\" content=\"fr_FR\" \/>\n<meta property=\"og:type\" content=\"article\" \/>\n<meta property=\"og:title\" content=\"En Solidarit\u00e9 avec les Peuples Autochtones des Philippines - Voice.Global\" \/>\n<meta property=\"og:description\" content=\"Voice est solidaire de Bantay Kita, le groupe de travail pour les droits des peuples autochtones (TFIP), le Pacte des peuples autochtones asiatiques (AIPP) et l&rsquo;Alliance des peuples de la Cordill\u00e8re (CPA) et exprime ses inqui\u00e9tudes quant au vote du gouvernement philippin relatif au marquage des dirigeants autochtones, d\u00e9fenseurs des droits humains et militants politiques [&hellip;]\" \/>\n<meta property=\"og:url\" content=\"https:\/\/voice.global\/fr\/blog\/en-solidarite-avec-les-peuples-autochtones-des-philippines\/\" \/>\n<meta property=\"og:site_name\" content=\"Voice.Global\" \/>\n<meta property=\"article:modified_time\" content=\"2019-02-28T11:21:35+00:00\" \/>\n<meta property=\"og:image\" content=\"https:\/\/voice.global\/assets\/2019\/02\/In-solidarity.jpg\" \/>\n\t<meta property=\"og:image:width\" content=\"1440\" \/>\n\t<meta property=\"og:image:height\" content=\"550\" \/>\n\t<meta property=\"og:image:type\" content=\"image\/jpeg\" \/>\n<meta name=\"twitter:card\" content=\"summary_large_image\" \/>\n<meta name=\"twitter:label1\" content=\"Dur\u00e9e de lecture estim\u00e9e\" \/>\n\t<meta name=\"twitter:data1\" content=\"3 minutes\" \/>\n<script type=\"application\/ld+json\" class=\"yoast-schema-graph\">{\"@context\":\"https:\\\/\\\/schema.org\",\"@graph\":[{\"@type\":\"WebPage\",\"@id\":\"https:\\\/\\\/voice.global\\\/fr\\\/blog\\\/en-solidarite-avec-les-peuples-autochtones-des-philippines\\\/\",\"url\":\"https:\\\/\\\/voice.global\\\/fr\\\/blog\\\/en-solidarite-avec-les-peuples-autochtones-des-philippines\\\/\",\"name\":\"En Solidarit\u00e9 avec les Peuples Autochtones des Philippines - Voice.Global\",\"isPartOf\":{\"@id\":\"https:\\\/\\\/voice.global\\\/#website\"},\"primaryImageOfPage\":{\"@id\":\"https:\\\/\\\/voice.global\\\/fr\\\/blog\\\/en-solidarite-avec-les-peuples-autochtones-des-philippines\\\/#primaryimage\"},\"image\":{\"@id\":\"https:\\\/\\\/voice.global\\\/fr\\\/blog\\\/en-solidarite-avec-les-peuples-autochtones-des-philippines\\\/#primaryimage\"},\"thumbnailUrl\":\"https:\\\/\\\/voice.global\\\/assets\\\/2019\\\/02\\\/In-solidarity.jpg\",\"datePublished\":\"2019-02-28T11:09:49+00:00\",\"dateModified\":\"2019-02-28T11:21:35+00:00\",\"breadcrumb\":{\"@id\":\"https:\\\/\\\/voice.global\\\/fr\\\/blog\\\/en-solidarite-avec-les-peuples-autochtones-des-philippines\\\/#breadcrumb\"},\"inLanguage\":\"fr-FR\",\"potentialAction\":[{\"@type\":\"ReadAction\",\"target\":[\"https:\\\/\\\/voice.global\\\/fr\\\/blog\\\/en-solidarite-avec-les-peuples-autochtones-des-philippines\\\/\"]}]},{\"@type\":\"ImageObject\",\"inLanguage\":\"fr-FR\",\"@id\":\"https:\\\/\\\/voice.global\\\/fr\\\/blog\\\/en-solidarite-avec-les-peuples-autochtones-des-philippines\\\/#primaryimage\",\"url\":\"https:\\\/\\\/voice.global\\\/assets\\\/2019\\\/02\\\/In-solidarity.jpg\",\"contentUrl\":\"https:\\\/\\\/voice.global\\\/assets\\\/2019\\\/02\\\/In-solidarity.jpg\",\"width\":1440,\"height\":550},{\"@type\":\"BreadcrumbList\",\"@id\":\"https:\\\/\\\/voice.global\\\/fr\\\/blog\\\/en-solidarite-avec-les-peuples-autochtones-des-philippines\\\/#breadcrumb\",\"itemListElement\":[{\"@type\":\"ListItem\",\"position\":1,\"name\":\"Home\",\"item\":\"https:\\\/\\\/voice.global\\\/fr\\\/\"},{\"@type\":\"ListItem\",\"position\":2,\"name\":\"Blogs\",\"item\":\"https:\\\/\\\/voice.global\\\/blog\\\/\"},{\"@type\":\"ListItem\",\"position\":3,\"name\":\"En Solidarit\u00e9 avec les Peuples Autochtones des Philippines\"}]},{\"@type\":\"WebSite\",\"@id\":\"https:\\\/\\\/voice.global\\\/#website\",\"url\":\"https:\\\/\\\/voice.global\\\/\",\"name\":\"Voice.Global\",\"description\":\"Include - Innovate - Influence\",\"potentialAction\":[{\"@type\":\"SearchAction\",\"target\":{\"@type\":\"EntryPoint\",\"urlTemplate\":\"https:\\\/\\\/voice.global\\\/?s={search_term_string}\"},\"query-input\":{\"@type\":\"PropertyValueSpecification\",\"valueRequired\":true,\"valueName\":\"search_term_string\"}}],\"inLanguage\":\"fr-FR\"}]}<\/script>\n<!-- \/ Yoast SEO plugin. -->","yoast_head_json":{"title":"En Solidarit\u00e9 avec les Peuples Autochtones des Philippines - Voice.Global","robots":{"index":"index","follow":"follow","max-snippet":"max-snippet:-1","max-image-preview":"max-image-preview:large","max-video-preview":"max-video-preview:-1"},"canonical":"https:\/\/voice.global\/fr\/blog\/en-solidarite-avec-les-peuples-autochtones-des-philippines\/","og_locale":"fr_FR","og_type":"article","og_title":"En Solidarit\u00e9 avec les Peuples Autochtones des Philippines - Voice.Global","og_description":"Voice est solidaire de Bantay Kita, le groupe de travail pour les droits des peuples autochtones (TFIP), le Pacte des peuples autochtones asiatiques (AIPP) et l&rsquo;Alliance des peuples de la Cordill\u00e8re (CPA) et exprime ses inqui\u00e9tudes quant au vote du gouvernement philippin relatif au marquage des dirigeants autochtones, d\u00e9fenseurs des droits humains et militants politiques [&hellip;]","og_url":"https:\/\/voice.global\/fr\/blog\/en-solidarite-avec-les-peuples-autochtones-des-philippines\/","og_site_name":"Voice.Global","article_modified_time":"2019-02-28T11:21:35+00:00","og_image":[{"width":1440,"height":550,"url":"https:\/\/voice.global\/assets\/2019\/02\/In-solidarity.jpg","type":"image\/jpeg"}],"twitter_card":"summary_large_image","twitter_misc":{"Dur\u00e9e de lecture estim\u00e9e":"3 minutes"},"schema":{"@context":"https:\/\/schema.org","@graph":[{"@type":"WebPage","@id":"https:\/\/voice.global\/fr\/blog\/en-solidarite-avec-les-peuples-autochtones-des-philippines\/","url":"https:\/\/voice.global\/fr\/blog\/en-solidarite-avec-les-peuples-autochtones-des-philippines\/","name":"En Solidarit\u00e9 avec les Peuples Autochtones des Philippines - Voice.Global","isPartOf":{"@id":"https:\/\/voice.global\/#website"},"primaryImageOfPage":{"@id":"https:\/\/voice.global\/fr\/blog\/en-solidarite-avec-les-peuples-autochtones-des-philippines\/#primaryimage"},"image":{"@id":"https:\/\/voice.global\/fr\/blog\/en-solidarite-avec-les-peuples-autochtones-des-philippines\/#primaryimage"},"thumbnailUrl":"https:\/\/voice.global\/assets\/2019\/02\/In-solidarity.jpg","datePublished":"2019-02-28T11:09:49+00:00","dateModified":"2019-02-28T11:21:35+00:00","breadcrumb":{"@id":"https:\/\/voice.global\/fr\/blog\/en-solidarite-avec-les-peuples-autochtones-des-philippines\/#breadcrumb"},"inLanguage":"fr-FR","potentialAction":[{"@type":"ReadAction","target":["https:\/\/voice.global\/fr\/blog\/en-solidarite-avec-les-peuples-autochtones-des-philippines\/"]}]},{"@type":"ImageObject","inLanguage":"fr-FR","@id":"https:\/\/voice.global\/fr\/blog\/en-solidarite-avec-les-peuples-autochtones-des-philippines\/#primaryimage","url":"https:\/\/voice.global\/assets\/2019\/02\/In-solidarity.jpg","contentUrl":"https:\/\/voice.global\/assets\/2019\/02\/In-solidarity.jpg","width":1440,"height":550},{"@type":"BreadcrumbList","@id":"https:\/\/voice.global\/fr\/blog\/en-solidarite-avec-les-peuples-autochtones-des-philippines\/#breadcrumb","itemListElement":[{"@type":"ListItem","position":1,"name":"Home","item":"https:\/\/voice.global\/fr\/"},{"@type":"ListItem","position":2,"name":"Blogs","item":"https:\/\/voice.global\/blog\/"},{"@type":"ListItem","position":3,"name":"En Solidarit\u00e9 avec les Peuples Autochtones des Philippines"}]},{"@type":"WebSite","@id":"https:\/\/voice.global\/#website","url":"https:\/\/voice.global\/","name":"Voice.Global","description":"Include - Innovate - Influence","potentialAction":[{"@type":"SearchAction","target":{"@type":"EntryPoint","urlTemplate":"https:\/\/voice.global\/?s={search_term_string}"},"query-input":{"@type":"PropertyValueSpecification","valueRequired":true,"valueName":"search_term_string"}}],"inLanguage":"fr-FR"}]}},"thumbnail_src":"https:\/\/voice.global\/assets\/2019\/02\/In-solidarity.jpg","_links":{"self":[{"href":"https:\/\/voice.global\/fr\/wp-json\/wp\/v2\/blog\/5493","targetHints":{"allow":["GET"]}}],"collection":[{"href":"https:\/\/voice.global\/fr\/wp-json\/wp\/v2\/blog"}],"about":[{"href":"https:\/\/voice.global\/fr\/wp-json\/wp\/v2\/types\/blog"}],"author":[{"embeddable":true,"href":"https:\/\/voice.global\/fr\/wp-json\/wp\/v2\/users\/11"}],"version-history":[{"count":1,"href":"https:\/\/voice.global\/fr\/wp-json\/wp\/v2\/blog\/5493\/revisions"}],"predecessor-version":[{"id":5496,"href":"https:\/\/voice.global\/fr\/wp-json\/wp\/v2\/blog\/5493\/revisions\/5496"}],"wp:featuredmedia":[{"embeddable":true,"href":"https:\/\/voice.global\/fr\/wp-json\/wp\/v2\/media\/5494"}],"wp:attachment":[{"href":"https:\/\/voice.global\/fr\/wp-json\/wp\/v2\/media?parent=5493"}],"wp:term":[{"taxonomy":"category","embeddable":true,"href":"https:\/\/voice.global\/fr\/wp-json\/wp\/v2\/categories?post=5493"},{"taxonomy":"post_tag","embeddable":true,"href":"https:\/\/voice.global\/fr\/wp-json\/wp\/v2\/tags?post=5493"},{"taxonomy":"country-cat","embeddable":true,"href":"https:\/\/voice.global\/fr\/wp-json\/wp\/v2\/country-cat?post=5493"},{"taxonomy":"publisher","embeddable":true,"href":"https:\/\/voice.global\/fr\/wp-json\/wp\/v2\/publisher?post=5493"}],"curies":[{"name":"wp","href":"https:\/\/api.w.org\/{rel}","templated":true}]}}