{"id":23393,"date":"2023-11-15T15:34:00","date_gmt":"2023-11-15T14:34:00","guid":{"rendered":"https:\/\/voice.global\/?post_type=blog&#038;p=23393"},"modified":"2024-04-04T16:07:30","modified_gmt":"2024-04-04T14:07:30","slug":"des-recits-inclusifs-la-galerie-indonesiainclusi-photovoice","status":"publish","type":"blog","link":"https:\/\/voice.global\/fr\/blog\/des-recits-inclusifs-la-galerie-indonesiainclusi-photovoice\/","title":{"rendered":"Des r\u00e9cits inclusifs : La galerie IndonesiaInclusi Photovoice"},"content":{"rendered":"\n<p>par Pamflet Generasi, facilitatrice de liaison et d&rsquo;apprentissage, Voice in Indonesia<br>Kala di Kalijaga : un simple voyage en galerie qui est plein de sens. Elle contient des travaux de photovoice r\u00e9alis\u00e9s par 20 repr\u00e9sentants d\u00e9vou\u00e9s d&rsquo;organisations bas\u00e9es \u00e0 l&rsquo;est et \u00e0 l&rsquo;ouest de l&rsquo;Indon\u00e9sie. Cette galerie est le r\u00e9sultat d&rsquo;un atelier de photovoice organis\u00e9 par Pamflet en tant que facilitateur de liaison et d&rsquo;apprentissage de Voice Indonesia et Kota Kita, avec le soutien total de l&rsquo;\u00e9quipe nationale de Voice Indonesia.<\/p>\n\n\n\n<p><br>L&rsquo;\u00e9v\u00e9nement, qui s&rsquo;est d\u00e9roul\u00e9 en ligne et hors ligne, a \u00e9t\u00e9 tr\u00e8s significatif pour tous les participants et les animateurs. Lors de la premi\u00e8re r\u00e9union d&rsquo;information avec Kota Kita, les participants ont \u00e9t\u00e9 initi\u00e9s au photovoice et aux techniques de base de la photographie.<\/p>\n\n\n\n<blockquote class=\"wp-block-quote is-layout-flow wp-block-quote-is-layout-flow\">\n<p>\u00ab\u00a0Une photo prise par un appareil photo peut raconter une histoire\u00a0\u00bb, a d\u00e9clar\u00e9 Aa Fuad, un facilitateur de Kota Kita, lors d&rsquo;une r\u00e9union Zoom.<\/p>\n<\/blockquote>\n\n\n\n<p>En outre, Aa Fuad a expliqu\u00e9 plusieurs \u00e9l\u00e9ments \u00e0 prendre en compte lors de la conception d&rsquo;un photovoice, \u00e0 commencer par le type d&rsquo;histoire que l&rsquo;on souhaite explorer, l&rsquo;\u00e9thique et l&rsquo;approbation qui doivent \u00eatre prises en consid\u00e9ration, ainsi que l&rsquo;ad\u00e9quation avec le temps dont nous disposons.<\/p>\n\n\n<div class=\"wp-block-image\">\n<figure class=\"aligncenter size-large is-resized\"><img loading=\"lazy\" decoding=\"async\" width=\"1024\" height=\"684\" src=\"https:\/\/voice.global\/assets\/2023\/11\/ID_1-1024x684.jpg\" alt=\"\" class=\"wp-image-22637\" style=\"width:622px;height:auto\" srcset=\"https:\/\/voice.global\/assets\/2023\/11\/ID_1-1024x684.jpg 1024w, https:\/\/voice.global\/assets\/2023\/11\/ID_1-300x200.jpg 300w, https:\/\/voice.global\/assets\/2023\/11\/ID_1-768x513.jpg 768w, https:\/\/voice.global\/assets\/2023\/11\/ID_1.jpg 1426w\" sizes=\"auto, (max-width: 1024px) 100vw, 1024px\" \/><figcaption class=\"wp-element-caption\">Un moment partag\u00e9 par les participants sur le th\u00e8me de la Photovoice <\/figcaption><\/figure>\n<\/div>\n\n\n<p>Bien qu&rsquo;ils soient en ligne, les participants se sont montr\u00e9s enthousiastes \u00e0 l&rsquo;id\u00e9e de recevoir le mat\u00e9riel. Apr\u00e8s les explications d&rsquo;Aa Fuad, Vanesha (Kota Kita) a donn\u00e9 des conseils sur la prise de photos.<\/p>\n\n\n\n<blockquote class=\"wp-block-quote is-layout-flow wp-block-quote-is-layout-flow\">\n<p>\u00ab\u00a0Lorsque vous voulez prendre des photos, vous pouvez demander la permission si vous prenez des photos d&rsquo;autres personnes. N&rsquo;oubliez pas de nettoyer l&rsquo;objectif de votre t\u00e9l\u00e9phone portable et d&rsquo;utiliser la fonction de mise au point pour \u00e9viter les flous. Ensuite, cherchez un bon \u00e9clairage et n&rsquo;ayez pas peur d&rsquo;exp\u00e9rimenter et d&rsquo;essayer de nouvelles choses\u00a0\u00bb, explique Vanesha.<\/p>\n<\/blockquote>\n\n\n<div class=\"wp-block-image\">\n<figure class=\"aligncenter size-large is-resized\"><img loading=\"lazy\" decoding=\"async\" width=\"1024\" height=\"726\" src=\"https:\/\/voice.global\/assets\/2023\/11\/ID-2-1024x726.jpg\" alt=\"\" class=\"wp-image-22639\" style=\"width:683px;height:auto\" srcset=\"https:\/\/voice.global\/assets\/2023\/11\/ID-2-1024x726.jpg 1024w, https:\/\/voice.global\/assets\/2023\/11\/ID-2-300x213.jpg 300w, https:\/\/voice.global\/assets\/2023\/11\/ID-2-768x544.jpg 768w, https:\/\/voice.global\/assets\/2023\/11\/ID-2.jpg 1426w\" sizes=\"auto, (max-width: 1024px) 100vw, 1024px\" \/><figcaption class=\"wp-element-caption\">Vanesha pendant sa session sur la photographie<\/figcaption><\/figure>\n<\/div>\n\n\n<p><strong>Explorer les sens chez Blok M<\/strong><br>Le deuxi\u00e8me jour de l&rsquo;atelier photovoice hors ligne a d\u00e9but\u00e9 par un accueil chaleureux de Chika et Giany de Yayasan Humanis dan Inovasi Sosial ou Humanis, le bureau national charg\u00e9 de la mise en \u0153uvre de Voice en Indon\u00e9sie. \u00c0 cette occasion, les 20 participants se sont r\u00e9unis \u00e0 Jakarta. Le premier jour de cette activit\u00e9 hors ligne, Maulida Raviola, de la division Genre, \u00e9galit\u00e9, diversit\u00e9 et inclusion de Humanis, a pr\u00e9sent\u00e9 un document de mise \u00e0 jour sur l&rsquo;inclusion sociale et l&rsquo;intersectionnalit\u00e9. Elle a \u00e9t\u00e9 suivie d&rsquo;une pr\u00e9sentation de Kota Kita et d&rsquo;activit\u00e9s sp\u00e9ciales telles que la chasse aux photos dans la zone de Blok M.<\/p>\n\n\n\n<p><br>Dans ce mat\u00e9riel de rappel, les participants ont \u00e9t\u00e9 sensibilis\u00e9s au fait que les femmes constituent l&rsquo;un des groupes les plus vuln\u00e9rables, en particulier les femmes qui ont des identit\u00e9s multiples, telles que les femmes et les filles handicap\u00e9es. D&rsquo;apr\u00e8s ce document, elles sont deux \u00e0 quatre fois plus susceptibles d&rsquo;\u00eatre victimes de violence domestique que les femmes non handicap\u00e9es.<\/p>\n\n\n\n<p><br>La premi\u00e8re journ\u00e9e a \u00e9t\u00e9 marqu\u00e9e par de nombreuses r\u00e9flexions sur l&rsquo;apprentissage. Apr\u00e8s que Maulida a termin\u00e9 son expos\u00e9, Kota Kita a pris le relais avec un ordre du jour tr\u00e8s int\u00e9ressant qui regroupait les participants en fonction des t\u00e2ches et des discussions qu&rsquo;ils avaient d\u00e9j\u00e0 men\u00e9es dans le cadre de communaut\u00e9s de pratique et d&rsquo;autres collaborations. Diverses perspectives et r\u00e9flexions ont \u00e9t\u00e9 canalis\u00e9es par l&rsquo;activit\u00e9 de regroupement, jusqu&rsquo;\u00e0 ce que cinq groupes de questions soient finalement rassembl\u00e9s : les questions relatives \u00e0 l&rsquo;espace public, \u00e0 l&rsquo;\u00e9galit\u00e9 des sexes, aux espaces s\u00fbrs pour les victimes de violence, \u00e0 l&rsquo;alimentation et \u00e0 l&rsquo;autor\u00e9flexion.<\/p>\n\n\n\n<p><br>Une fois la discussion et le regroupement termin\u00e9s, Erlangga form Pamflet a donn\u00e9 un briefing aux participants avant de passer \u00e0 l&rsquo;activit\u00e9 suivante : la chasse aux photos. Les participants semblaient enthousiastes et ont imm\u00e9diatement essay\u00e9 d&rsquo;explorer les environs. Parfois, certains ont commenc\u00e9 \u00e0 interagir et \u00e0 discuter avec les vendeurs.<\/p>\n\n\n\n<p><strong>Des voix diverses qui se rejoignent dans un m\u00eame estuaire<\/strong><br>L&rsquo;ordre du jour du troisi\u00e8me jour \u00e9tait ax\u00e9 sur l&rsquo;auto-r\u00e9flexion et l&rsquo;appr\u00e9ciation des activit\u00e9s de l&rsquo;atelier qui avaient \u00e9t\u00e9 r\u00e9alis\u00e9es. Kala di Kalijaga a \u00e9t\u00e9 le t\u00e9moin de l&rsquo;harmonie que cette activit\u00e9 a apport\u00e9e. Des messages sur l&rsquo;activit\u00e9, une auto-r\u00e9flexion sur l&rsquo;inclusion et l&rsquo;intersectionnalit\u00e9, ainsi qu&rsquo;un partage de ce qu&rsquo;ils souhaitent apprendre davantage ont \u00e9t\u00e9 \u00e9crits sur des notes autocollantes.<\/p>\n\n\n\n<blockquote class=\"wp-block-quote is-layout-flow wp-block-quote-is-layout-flow\">\n<p>\u00ab\u00a0R\u00e9fl\u00e9chir qu&rsquo;en une fraction de seconde de notre vie, il y a beaucoup de ph\u00e9nom\u00e8nes et de voix qui veulent \u00eatre entendus. Devenir sensible et prendre conscience que chaque \u00eatre humain m\u00e9rite d&rsquo;\u00eatre humanis\u00e9\u00a0\u00bb. (Syakira, Jentera Law School Indonesia, un consortium de LBH APIK)<\/p>\n<\/blockquote>\n","protected":false},"excerpt":{"rendered":"<p>par Pamflet Generasi, facilitatrice de liaison et d&rsquo;apprentissage, Voice in IndonesiaKala di Kalijaga : un simple voyage en galerie qui est plein de sens. Elle contient des travaux de photovoice r\u00e9alis\u00e9s par 20 repr\u00e9sentants d\u00e9vou\u00e9s d&rsquo;organisations bas\u00e9es \u00e0 l&rsquo;est et \u00e0 l&rsquo;ouest de l&rsquo;Indon\u00e9sie. Cette galerie est le r\u00e9sultat d&rsquo;un atelier de photovoice organis\u00e9 par [&hellip;]<\/p>\n","protected":false},"author":28,"featured_media":22637,"template":"","categories":[],"tags":[],"country-cat":[],"publisher":[],"class_list":["post-23393","blog","type-blog","status-publish","has-post-thumbnail","hentry"],"yoast_head":"<!-- This site is optimized with the Yoast SEO plugin v27.4 - https:\/\/yoast.com\/product\/yoast-seo-wordpress\/ -->\n<title>Des r\u00e9cits inclusifs : La galerie IndonesiaInclusi Photovoice - Voice.Global<\/title>\n<meta name=\"robots\" content=\"index, follow, max-snippet:-1, max-image-preview:large, max-video-preview:-1\" \/>\n<link rel=\"canonical\" href=\"https:\/\/voice.global\/fr\/blog\/des-recits-inclusifs-la-galerie-indonesiainclusi-photovoice\/\" \/>\n<meta property=\"og:locale\" content=\"fr_FR\" \/>\n<meta property=\"og:type\" content=\"article\" \/>\n<meta property=\"og:title\" content=\"Des r\u00e9cits inclusifs : La galerie IndonesiaInclusi Photovoice - Voice.Global\" \/>\n<meta property=\"og:description\" content=\"par Pamflet Generasi, facilitatrice de liaison et d&rsquo;apprentissage, Voice in IndonesiaKala di Kalijaga : un simple voyage en galerie qui est plein de sens. Elle contient des travaux de photovoice r\u00e9alis\u00e9s par 20 repr\u00e9sentants d\u00e9vou\u00e9s d&rsquo;organisations bas\u00e9es \u00e0 l&rsquo;est et \u00e0 l&rsquo;ouest de l&rsquo;Indon\u00e9sie. Cette galerie est le r\u00e9sultat d&rsquo;un atelier de photovoice organis\u00e9 par [&hellip;]\" \/>\n<meta property=\"og:url\" content=\"https:\/\/voice.global\/fr\/blog\/des-recits-inclusifs-la-galerie-indonesiainclusi-photovoice\/\" \/>\n<meta property=\"og:site_name\" content=\"Voice.Global\" \/>\n<meta property=\"article:modified_time\" content=\"2024-04-04T14:07:30+00:00\" \/>\n<meta property=\"og:image\" content=\"https:\/\/voice.global\/assets\/2023\/11\/ID_1.jpg\" \/>\n\t<meta property=\"og:image:width\" content=\"1426\" \/>\n\t<meta property=\"og:image:height\" content=\"952\" \/>\n\t<meta property=\"og:image:type\" content=\"image\/jpeg\" \/>\n<meta name=\"twitter:card\" content=\"summary_large_image\" \/>\n<meta name=\"twitter:label1\" content=\"Dur\u00e9e de lecture estim\u00e9e\" \/>\n\t<meta name=\"twitter:data1\" content=\"4 minutes\" \/>\n<script type=\"application\/ld+json\" class=\"yoast-schema-graph\">{\"@context\":\"https:\\\/\\\/schema.org\",\"@graph\":[{\"@type\":\"WebPage\",\"@id\":\"https:\\\/\\\/voice.global\\\/fr\\\/blog\\\/des-recits-inclusifs-la-galerie-indonesiainclusi-photovoice\\\/\",\"url\":\"https:\\\/\\\/voice.global\\\/fr\\\/blog\\\/des-recits-inclusifs-la-galerie-indonesiainclusi-photovoice\\\/\",\"name\":\"Des r\u00e9cits inclusifs : La galerie IndonesiaInclusi Photovoice - Voice.Global\",\"isPartOf\":{\"@id\":\"https:\\\/\\\/voice.global\\\/#website\"},\"primaryImageOfPage\":{\"@id\":\"https:\\\/\\\/voice.global\\\/fr\\\/blog\\\/des-recits-inclusifs-la-galerie-indonesiainclusi-photovoice\\\/#primaryimage\"},\"image\":{\"@id\":\"https:\\\/\\\/voice.global\\\/fr\\\/blog\\\/des-recits-inclusifs-la-galerie-indonesiainclusi-photovoice\\\/#primaryimage\"},\"thumbnailUrl\":\"https:\\\/\\\/voice.global\\\/assets\\\/2023\\\/11\\\/ID_1.jpg\",\"datePublished\":\"2023-11-15T14:34:00+00:00\",\"dateModified\":\"2024-04-04T14:07:30+00:00\",\"breadcrumb\":{\"@id\":\"https:\\\/\\\/voice.global\\\/fr\\\/blog\\\/des-recits-inclusifs-la-galerie-indonesiainclusi-photovoice\\\/#breadcrumb\"},\"inLanguage\":\"fr-FR\",\"potentialAction\":[{\"@type\":\"ReadAction\",\"target\":[\"https:\\\/\\\/voice.global\\\/fr\\\/blog\\\/des-recits-inclusifs-la-galerie-indonesiainclusi-photovoice\\\/\"]}]},{\"@type\":\"ImageObject\",\"inLanguage\":\"fr-FR\",\"@id\":\"https:\\\/\\\/voice.global\\\/fr\\\/blog\\\/des-recits-inclusifs-la-galerie-indonesiainclusi-photovoice\\\/#primaryimage\",\"url\":\"https:\\\/\\\/voice.global\\\/assets\\\/2023\\\/11\\\/ID_1.jpg\",\"contentUrl\":\"https:\\\/\\\/voice.global\\\/assets\\\/2023\\\/11\\\/ID_1.jpg\",\"width\":1426,\"height\":952,\"caption\":\"A moment shared during the\"},{\"@type\":\"BreadcrumbList\",\"@id\":\"https:\\\/\\\/voice.global\\\/fr\\\/blog\\\/des-recits-inclusifs-la-galerie-indonesiainclusi-photovoice\\\/#breadcrumb\",\"itemListElement\":[{\"@type\":\"ListItem\",\"position\":1,\"name\":\"Home\",\"item\":\"https:\\\/\\\/voice.global\\\/fr\\\/\"},{\"@type\":\"ListItem\",\"position\":2,\"name\":\"Blogs\",\"item\":\"https:\\\/\\\/voice.global\\\/blog\\\/\"},{\"@type\":\"ListItem\",\"position\":3,\"name\":\"Des r\u00e9cits inclusifs : La galerie IndonesiaInclusi Photovoice\"}]},{\"@type\":\"WebSite\",\"@id\":\"https:\\\/\\\/voice.global\\\/#website\",\"url\":\"https:\\\/\\\/voice.global\\\/\",\"name\":\"Voice.Global\",\"description\":\"Include - Innovate - Influence\",\"potentialAction\":[{\"@type\":\"SearchAction\",\"target\":{\"@type\":\"EntryPoint\",\"urlTemplate\":\"https:\\\/\\\/voice.global\\\/?s={search_term_string}\"},\"query-input\":{\"@type\":\"PropertyValueSpecification\",\"valueRequired\":true,\"valueName\":\"search_term_string\"}}],\"inLanguage\":\"fr-FR\"}]}<\/script>\n<!-- \/ Yoast SEO plugin. -->","yoast_head_json":{"title":"Des r\u00e9cits inclusifs : La galerie IndonesiaInclusi Photovoice - Voice.Global","robots":{"index":"index","follow":"follow","max-snippet":"max-snippet:-1","max-image-preview":"max-image-preview:large","max-video-preview":"max-video-preview:-1"},"canonical":"https:\/\/voice.global\/fr\/blog\/des-recits-inclusifs-la-galerie-indonesiainclusi-photovoice\/","og_locale":"fr_FR","og_type":"article","og_title":"Des r\u00e9cits inclusifs : La galerie IndonesiaInclusi Photovoice - Voice.Global","og_description":"par Pamflet Generasi, facilitatrice de liaison et d&rsquo;apprentissage, Voice in IndonesiaKala di Kalijaga : un simple voyage en galerie qui est plein de sens. Elle contient des travaux de photovoice r\u00e9alis\u00e9s par 20 repr\u00e9sentants d\u00e9vou\u00e9s d&rsquo;organisations bas\u00e9es \u00e0 l&rsquo;est et \u00e0 l&rsquo;ouest de l&rsquo;Indon\u00e9sie. Cette galerie est le r\u00e9sultat d&rsquo;un atelier de photovoice organis\u00e9 par [&hellip;]","og_url":"https:\/\/voice.global\/fr\/blog\/des-recits-inclusifs-la-galerie-indonesiainclusi-photovoice\/","og_site_name":"Voice.Global","article_modified_time":"2024-04-04T14:07:30+00:00","og_image":[{"width":1426,"height":952,"url":"https:\/\/voice.global\/assets\/2023\/11\/ID_1.jpg","type":"image\/jpeg"}],"twitter_card":"summary_large_image","twitter_misc":{"Dur\u00e9e de lecture estim\u00e9e":"4 minutes"},"schema":{"@context":"https:\/\/schema.org","@graph":[{"@type":"WebPage","@id":"https:\/\/voice.global\/fr\/blog\/des-recits-inclusifs-la-galerie-indonesiainclusi-photovoice\/","url":"https:\/\/voice.global\/fr\/blog\/des-recits-inclusifs-la-galerie-indonesiainclusi-photovoice\/","name":"Des r\u00e9cits inclusifs : La galerie IndonesiaInclusi Photovoice - Voice.Global","isPartOf":{"@id":"https:\/\/voice.global\/#website"},"primaryImageOfPage":{"@id":"https:\/\/voice.global\/fr\/blog\/des-recits-inclusifs-la-galerie-indonesiainclusi-photovoice\/#primaryimage"},"image":{"@id":"https:\/\/voice.global\/fr\/blog\/des-recits-inclusifs-la-galerie-indonesiainclusi-photovoice\/#primaryimage"},"thumbnailUrl":"https:\/\/voice.global\/assets\/2023\/11\/ID_1.jpg","datePublished":"2023-11-15T14:34:00+00:00","dateModified":"2024-04-04T14:07:30+00:00","breadcrumb":{"@id":"https:\/\/voice.global\/fr\/blog\/des-recits-inclusifs-la-galerie-indonesiainclusi-photovoice\/#breadcrumb"},"inLanguage":"fr-FR","potentialAction":[{"@type":"ReadAction","target":["https:\/\/voice.global\/fr\/blog\/des-recits-inclusifs-la-galerie-indonesiainclusi-photovoice\/"]}]},{"@type":"ImageObject","inLanguage":"fr-FR","@id":"https:\/\/voice.global\/fr\/blog\/des-recits-inclusifs-la-galerie-indonesiainclusi-photovoice\/#primaryimage","url":"https:\/\/voice.global\/assets\/2023\/11\/ID_1.jpg","contentUrl":"https:\/\/voice.global\/assets\/2023\/11\/ID_1.jpg","width":1426,"height":952,"caption":"A moment shared during the"},{"@type":"BreadcrumbList","@id":"https:\/\/voice.global\/fr\/blog\/des-recits-inclusifs-la-galerie-indonesiainclusi-photovoice\/#breadcrumb","itemListElement":[{"@type":"ListItem","position":1,"name":"Home","item":"https:\/\/voice.global\/fr\/"},{"@type":"ListItem","position":2,"name":"Blogs","item":"https:\/\/voice.global\/blog\/"},{"@type":"ListItem","position":3,"name":"Des r\u00e9cits inclusifs : La galerie IndonesiaInclusi Photovoice"}]},{"@type":"WebSite","@id":"https:\/\/voice.global\/#website","url":"https:\/\/voice.global\/","name":"Voice.Global","description":"Include - Innovate - Influence","potentialAction":[{"@type":"SearchAction","target":{"@type":"EntryPoint","urlTemplate":"https:\/\/voice.global\/?s={search_term_string}"},"query-input":{"@type":"PropertyValueSpecification","valueRequired":true,"valueName":"search_term_string"}}],"inLanguage":"fr-FR"}]}},"thumbnail_src":"https:\/\/voice.global\/assets\/2023\/11\/ID_1.jpg","_links":{"self":[{"href":"https:\/\/voice.global\/fr\/wp-json\/wp\/v2\/blog\/23393","targetHints":{"allow":["GET"]}}],"collection":[{"href":"https:\/\/voice.global\/fr\/wp-json\/wp\/v2\/blog"}],"about":[{"href":"https:\/\/voice.global\/fr\/wp-json\/wp\/v2\/types\/blog"}],"author":[{"embeddable":true,"href":"https:\/\/voice.global\/fr\/wp-json\/wp\/v2\/users\/28"}],"version-history":[{"count":1,"href":"https:\/\/voice.global\/fr\/wp-json\/wp\/v2\/blog\/23393\/revisions"}],"predecessor-version":[{"id":23401,"href":"https:\/\/voice.global\/fr\/wp-json\/wp\/v2\/blog\/23393\/revisions\/23401"}],"wp:featuredmedia":[{"embeddable":true,"href":"https:\/\/voice.global\/fr\/wp-json\/wp\/v2\/media\/22637"}],"wp:attachment":[{"href":"https:\/\/voice.global\/fr\/wp-json\/wp\/v2\/media?parent=23393"}],"wp:term":[{"taxonomy":"category","embeddable":true,"href":"https:\/\/voice.global\/fr\/wp-json\/wp\/v2\/categories?post=23393"},{"taxonomy":"post_tag","embeddable":true,"href":"https:\/\/voice.global\/fr\/wp-json\/wp\/v2\/tags?post=23393"},{"taxonomy":"country-cat","embeddable":true,"href":"https:\/\/voice.global\/fr\/wp-json\/wp\/v2\/country-cat?post=23393"},{"taxonomy":"publisher","embeddable":true,"href":"https:\/\/voice.global\/fr\/wp-json\/wp\/v2\/publisher?post=23393"}],"curies":[{"name":"wp","href":"https:\/\/api.w.org\/{rel}","templated":true}]}}