{"id":22491,"date":"2023-10-19T19:22:23","date_gmt":"2023-10-19T17:22:23","guid":{"rendered":"https:\/\/voice.global\/?post_type=blog&#038;p=22491"},"modified":"2023-10-19T19:25:19","modified_gmt":"2023-10-19T17:25:19","slug":"le-leader-de-la-prochaine-generation","status":"publish","type":"blog","link":"https:\/\/voice.global\/fr\/blog\/le-leader-de-la-prochaine-generation\/","title":{"rendered":"Le leader de la prochaine g\u00e9n\u00e9ration"},"content":{"rendered":"\n<h2 class=\"wp-block-heading\">Rencontrez Lea Ignacio, une jeune exploratrice tribale des Philippines<\/h2>\n\n\n\n<p>Lea Ignacio est une jeune dipl\u00f4m\u00e9e de 21 ans avec une sp\u00e9cialisation agricole en g\u00e9n\u00e9tique v\u00e9g\u00e9tale de l&rsquo;Universit\u00e9 de Southern Mindanao \u00e0 North Cotabato, aux Philippines. Elle est membre de la tribu Erumanen ne Menuvu, qui est l&rsquo;une des tribus avec lesquelles le Mouvement populaire pour la paix de Mindanao (MPPM) a travaill\u00e9 dans le cadre de son <a href=\"https:\/\/voice.global\/fr\/partenaires\/ip-voice\/\">projet<\/a> financ\u00e9 par Voice. L&rsquo;objectif global du projet est d&rsquo;am\u00e9liorer la s\u00e9curit\u00e9 des peuples autochtones (PA) dans le syst\u00e8me de loi fondamentale de Bangsamoro (BBL) propos\u00e9, de renforcer les capacit\u00e9s des dirigeants et des organisations de propri\u00e9t\u00e9 intellectuelle et d&rsquo;accro\u00eetre l&rsquo;engagement des peuples autochtones dans le processus de paix de Bangsamoro. La BBL est une loi cr\u00e9ant un nouveau gouvernement appel\u00e9 Gouvernement Bangsomoro qui vise \u00e0 am\u00e9liorer l&rsquo;autonomie de la r\u00e9gion.<\/p>\n\n\n\n<p>Lorsque MPPM a lanc\u00e9 son projet, ils souhaitaient que les jeunes des tribus soient b\u00e9n\u00e9voles dans les diff\u00e9rentes activit\u00e9s du projet. Lea a commenc\u00e9 son b\u00e9n\u00e9volat en octobre 2017, aidant \u00e0 d\u00e9velopper l&rsquo;exposition Keetew depuis l&rsquo;\u00e9criture du sc\u00e9nario, la collecte du mat\u00e9riel visuel jusqu&rsquo;\u00e0 la mise en place des installations. Elle a \u00e9galement aid\u00e9 \u00e0 la pr\u00e9paration de certaines activit\u00e9s du projet telles que les discussions communautaires et les rituels tribaux. L&rsquo;exposition Keetew est une exposition \u00e9mouvante qui souligne les luttes et les revendications de la communaut\u00e9 Lumad pour la reconnaissance et la pleine inclusion de ses droits dans toutes ces n\u00e9gociations de paix en cours<\/p>\n\n\n\n<figure class=\"wp-block-gallery has-nested-images columns-default is-cropped wp-block-gallery-1 is-layout-flex wp-block-gallery-is-layout-flex\">\n<figure class=\"wp-block-image size-full\"><img loading=\"lazy\" decoding=\"async\" width=\"960\" height=\"720\" data-id=\"22493\" src=\"https:\/\/voice.global\/assets\/2023\/10\/Keetew-2.jpg\" alt=\"\" class=\"wp-image-22493\" srcset=\"https:\/\/voice.global\/assets\/2023\/10\/Keetew-2.jpg 960w, https:\/\/voice.global\/assets\/2023\/10\/Keetew-2-300x225.jpg 300w, https:\/\/voice.global\/assets\/2023\/10\/Keetew-2-768x576.jpg 768w\" sizes=\"auto, (max-width: 960px) 100vw, 960px\" \/><figcaption class=\"wp-element-caption\">Membres du public \u00e0 l&rsquo;exposition Keetew<\/figcaption><\/figure>\n\n\n\n<figure class=\"wp-block-image size-large\"><img loading=\"lazy\" decoding=\"async\" width=\"960\" height=\"720\" data-id=\"22495\" src=\"https:\/\/voice.global\/assets\/2023\/10\/Keetew-3.jpg\" alt=\"\" class=\"wp-image-22495\" srcset=\"https:\/\/voice.global\/assets\/2023\/10\/Keetew-3.jpg 960w, https:\/\/voice.global\/assets\/2023\/10\/Keetew-3-300x225.jpg 300w, https:\/\/voice.global\/assets\/2023\/10\/Keetew-3-768x576.jpg 768w\" sizes=\"auto, (max-width: 960px) 100vw, 960px\" \/><figcaption class=\"wp-element-caption\">Membres du public \u00e0 l&rsquo;exposition Keetew<\/figcaption><\/figure>\n\n\n\n<figure class=\"wp-block-image size-large\"><img loading=\"lazy\" decoding=\"async\" width=\"960\" height=\"476\" data-id=\"22492\" src=\"https:\/\/voice.global\/assets\/2023\/10\/Keetew-4.jpg\" alt=\"\" class=\"wp-image-22492\" srcset=\"https:\/\/voice.global\/assets\/2023\/10\/Keetew-4.jpg 960w, https:\/\/voice.global\/assets\/2023\/10\/Keetew-4-300x149.jpg 300w, https:\/\/voice.global\/assets\/2023\/10\/Keetew-4-768x381.jpg 768w\" sizes=\"auto, (max-width: 960px) 100vw, 960px\" \/><figcaption class=\"wp-element-caption\">Membres du public \u00e0 l&rsquo;exposition Keetew<\/figcaption><\/figure>\n\n\n\n<figure class=\"wp-block-image size-large\"><img loading=\"lazy\" decoding=\"async\" width=\"960\" height=\"635\" data-id=\"22499\" src=\"https:\/\/voice.global\/assets\/2023\/10\/Keetew-5.jpg\" alt=\"\" class=\"wp-image-22499\" srcset=\"https:\/\/voice.global\/assets\/2023\/10\/Keetew-5.jpg 960w, https:\/\/voice.global\/assets\/2023\/10\/Keetew-5-300x198.jpg 300w, https:\/\/voice.global\/assets\/2023\/10\/Keetew-5-768x508.jpg 768w\" sizes=\"auto, (max-width: 960px) 100vw, 960px\" \/><figcaption class=\"wp-element-caption\">Leader lance officiellement l&rsquo;exposition Keetew<\/figcaption><\/figure>\n\n\n\n<figure class=\"wp-block-image size-large\"><img loading=\"lazy\" decoding=\"async\" width=\"960\" height=\"635\" data-id=\"22497\" src=\"https:\/\/voice.global\/assets\/2023\/10\/Keetew.jpg\" alt=\"\" class=\"wp-image-22497\" srcset=\"https:\/\/voice.global\/assets\/2023\/10\/Keetew.jpg 960w, https:\/\/voice.global\/assets\/2023\/10\/Keetew-300x198.jpg 300w, https:\/\/voice.global\/assets\/2023\/10\/Keetew-768x508.jpg 768w\" sizes=\"auto, (max-width: 960px) 100vw, 960px\" \/><figcaption class=\"wp-element-caption\">Stand d&rsquo;exposition Keetew<\/figcaption><\/figure>\n<\/figure>\n\n\n\n<p>Lea \u00e9tait heureuse d&rsquo;assister au cours intensif sur la documentation des droits de l&rsquo;homme, qui comprenait une formation en narration visuelle. Cela l&rsquo;a encourag\u00e9e \u00e0 r\u00e9aliser un film intitul\u00e9 Simbuhay, un court m\u00e9trage visant \u00e0 amplifier la lutte pour la pleine inclusion des droits de propri\u00e9t\u00e9 intellectuelle dans la BBL et leur demande d&rsquo;exclure leur village de la zone d&rsquo;expansion cible de la loi. Apr\u00e8s tout, cela fait partie int\u00e9grante de la terre ancestrale de sa tribu.<\/p>\n\n\n\n<blockquote class=\"wp-block-quote is-layout-flow wp-block-quote-is-layout-flow\">\n<p><strong>Et maintenant, \u00e9tant jeune, je suis devenu l&rsquo;un d&rsquo;eux, poursuivant la lutte pour notre territoire.<\/strong><\/p>\n<\/blockquote>\n\n\n\n<p>Le 16 f\u00e9vrier 2018, Lea a lu le document de position au nom de sa tribu devant des membres du Congr\u00e8s et des membres de la Commission de transition de Bangsamoro et du Front de lib\u00e9ration islamique Moro lors de la consultation du Congr\u00e8s sur le BBL dans le nord de Cotabato.<\/p>\n\n\n\n<p>Juste avant la fin de son travail b\u00e9n\u00e9vole aupr\u00e8s de MPPM, L\u00e9a a mis par \u00e9crit ses exp\u00e9riences et ses apprentissages. Le 8 mars 2018, elle a partag\u00e9 son histoire avec les membres et chefs de sa tribu r\u00e9unis dans leur salle tribale \u00e0 Brgy. Aroman, Carmen, Cotabato Nord.<\/p>\n\n\n\n<p class=\"has-text-align-center has-persiangreen-background-color has-background\"><em><strong>Ci-dessous son discours en fran\u00e7ais<\/strong><\/em><\/p>\n\n\n\n<p>\u00abJe m&rsquo;appelle Lea Ignacio, une Erumanen ne Menuvu. J&rsquo;habite \u00e0 Barangay Aroman, Carmen, North Cotabato. Je tiens \u00e0 remercier Timuey Ronaldo \u00ab Jojo \u00bb Ambangan car c\u2019est la raison pour laquelle je suis devenu membre du MPPM.<\/p>\n\n\n\n<p>En tant que b\u00e9n\u00e9vole de MPPM, je suis reconnaissant pour tout ce que j&rsquo;ai v\u00e9cu, l&rsquo;entreprise et les connaissances que j&rsquo;ai acquises.<\/p>\n\n\n\n<p>Tout d&rsquo;abord, \u00e9tant n\u00e9 dans une famille dont le p\u00e8re est un membre inactif d&rsquo;Erumanen ne Menuvu et une m\u00e8re Cebuano, j&rsquo;ai une connaissance limit\u00e9e des probl\u00e8mes auxquels ma tribu est confront\u00e9e, comme la question des droits au territoire. Sans le MPPM, je n\u2019aurais pas compris la lutte pour laquelle nos dirigeants se battent. Ils ont \u00e9t\u00e9 tr\u00e8s courageux pour faire valoir nos droits sur notre domaine ancestral. Et maintenant, \u00e9tant jeune, je suis devenu l&rsquo;un d&rsquo;eux et je continuerai \u00e0 me battre pour notre territoire.<\/p>\n\n\n\n<p>Deuxi\u00e8mement, c\u2019est gr\u00e2ce \u00e0 mon implication au sein du MPPM que j\u2019ai pu voir le vrai sens du mot unit\u00e9. Chez MPPM, nous venons de tribus et d\u2019horizons diff\u00e9rents, mais nous nous traitons les uns les autres sur un pied d\u2019\u00e9galit\u00e9. On parle, on rit, on se taquine, mais on ne se fait pas de mal. Nous prenons soin les uns des autres.<\/p>\n\n\n\n<p>Quand j&rsquo;\u00e9tais encore \u00e0 l&rsquo;universit\u00e9, je sentais la division entre nous : les Ilocanos et les autres chr\u00e9tiens, les musulmans et les peuples autochtones ou Lumad en raison des diff\u00e9rentes croyances et cultures. Nous n&rsquo;avons pu nous m\u00ealer que lorsque nous participions \u00e0 une activit\u00e9 de groupe. Parfois, des id\u00e9es contradictoires ont donn\u00e9 lieu \u00e0 des tensions et \u00e0 de nouveaux malentendus. En tant que b\u00e9n\u00e9vole du MPPM, cette exp\u00e9rience a \u00e9t\u00e9 diff\u00e9rente, j&rsquo;ai pu faire l&rsquo;exp\u00e9rience de l&rsquo;unit\u00e9 au milieu de la diversit\u00e9.<\/p>\n\n\n\n<p>Enfin, c&rsquo;est au sein de MPPM que j&rsquo;ai pu appliquer librement mes connaissances dans le dialogue et l&rsquo;\u00e9tablissement de relations avec les autres. Ma confiance en moi s&rsquo;est am\u00e9lior\u00e9e, notamment pour parler et parler devant d&rsquo;autres personnes. Avant, j\u2019\u00e9tais timide m\u00eame lorsque je parlais \u00e0 une seule personne.<\/p>\n\n\n\n<p>Merci \u00e0 MPPM pour tout et pour l&rsquo;opportunit\u00e9 d&rsquo;\u00eatre b\u00e9n\u00e9vole. Je suis d\u00e9sormais L\u00e9a l&rsquo;exploratrice ; explorer et apprendre, car l\u2019apprentissage est un processus continu!<\/p>\n\n\n\n<blockquote class=\"wp-block-quote has-text-align-center is-layout-flow wp-block-quote-is-layout-flow\">\n<p><strong>As a volunteer of MPPM this experience was different, I was able to experience unity amidst diversity.<\/strong><\/p>\n\n\n\n<p class=\"has-text-align-left has-persiangreen-background-color has-background\">Un merci tout sp\u00e9cial \u00e0 L\u00e9a Ignacio pour avoir partag\u00e9 son merveilleux discours et son implication pour que les voix des PA ne soient pas laiss\u00e9es pour compte. Puisse son histoire inspirer davantage de dirigeants de la prochaine g\u00e9n\u00e9ration pr\u00eats \u00e0 continuer \u00e0 se lever et \u00e0 s&rsquo;exprimer !<\/p>\n\n\n\n<p><\/p>\n<\/blockquote>\n","protected":false},"excerpt":{"rendered":"<p>Rencontrez Lea Ignacio, une jeune exploratrice tribale des Philippines Lea Ignacio est une jeune dipl\u00f4m\u00e9e de 21 ans avec une sp\u00e9cialisation agricole en g\u00e9n\u00e9tique v\u00e9g\u00e9tale de l&rsquo;Universit\u00e9 de Southern Mindanao \u00e0 North Cotabato, aux Philippines. Elle est membre de la tribu Erumanen ne Menuvu, qui est l&rsquo;une des tribus avec lesquelles le Mouvement populaire pour [&hellip;]<\/p>\n","protected":false},"author":18,"featured_media":5782,"template":"","categories":[],"tags":[],"country-cat":[],"publisher":[],"class_list":["post-22491","blog","type-blog","status-publish","has-post-thumbnail","hentry"],"yoast_head":"<!-- This site is optimized with the Yoast SEO plugin v27.4 - https:\/\/yoast.com\/product\/yoast-seo-wordpress\/ -->\n<title>Le leader de la prochaine g\u00e9n\u00e9ration - Voice.Global<\/title>\n<meta name=\"description\" content=\"Lea Ignacio est une jeune dipl\u00f4m\u00e9e de 21 ans avec une sp\u00e9cialisation agricole en g\u00e9n\u00e9tique v\u00e9g\u00e9tale de l&#039;Universit\u00e9 de Southern Mindanao \u00e0 North Cotabato, aux Philippines. Elle est membre de la tribu Erumanen ne Menuvu, qui est l&#039;une des tribus avec lesquelles le Mouvement populaire pour la paix de Mindanao (MPPM) a travaill\u00e9 dans le cadre de son projet financ\u00e9 par Voice.\" \/>\n<meta name=\"robots\" content=\"index, follow, max-snippet:-1, max-image-preview:large, max-video-preview:-1\" \/>\n<link rel=\"canonical\" href=\"https:\/\/voice.global\/fr\/blog\/le-leader-de-la-prochaine-generation\/\" \/>\n<meta property=\"og:locale\" content=\"fr_FR\" \/>\n<meta property=\"og:type\" content=\"article\" \/>\n<meta property=\"og:title\" content=\"Le leader de la prochaine g\u00e9n\u00e9ration - Voice.Global\" \/>\n<meta property=\"og:description\" content=\"Lea Ignacio est une jeune dipl\u00f4m\u00e9e de 21 ans avec une sp\u00e9cialisation agricole en g\u00e9n\u00e9tique v\u00e9g\u00e9tale de l&#039;Universit\u00e9 de Southern Mindanao \u00e0 North Cotabato, aux Philippines. Elle est membre de la tribu Erumanen ne Menuvu, qui est l&#039;une des tribus avec lesquelles le Mouvement populaire pour la paix de Mindanao (MPPM) a travaill\u00e9 dans le cadre de son projet financ\u00e9 par Voice.\" \/>\n<meta property=\"og:url\" content=\"https:\/\/voice.global\/fr\/blog\/le-leader-de-la-prochaine-generation\/\" \/>\n<meta property=\"og:site_name\" content=\"Voice.Global\" \/>\n<meta property=\"article:modified_time\" content=\"2023-10-19T17:25:19+00:00\" \/>\n<meta property=\"og:image\" content=\"https:\/\/voice.global\/assets\/2019\/04\/Lea.jpg\" \/>\n\t<meta property=\"og:image:width\" content=\"3352\" \/>\n\t<meta property=\"og:image:height\" content=\"2373\" \/>\n\t<meta property=\"og:image:type\" content=\"image\/jpeg\" \/>\n<meta name=\"twitter:card\" content=\"summary_large_image\" \/>\n<meta name=\"twitter:label1\" content=\"Dur\u00e9e de lecture estim\u00e9e\" \/>\n\t<meta name=\"twitter:data1\" content=\"5 minutes\" \/>\n<script type=\"application\/ld+json\" class=\"yoast-schema-graph\">{\"@context\":\"https:\\\/\\\/schema.org\",\"@graph\":[{\"@type\":\"WebPage\",\"@id\":\"https:\\\/\\\/voice.global\\\/fr\\\/blog\\\/le-leader-de-la-prochaine-generation\\\/\",\"url\":\"https:\\\/\\\/voice.global\\\/fr\\\/blog\\\/le-leader-de-la-prochaine-generation\\\/\",\"name\":\"Le leader de la prochaine g\u00e9n\u00e9ration - Voice.Global\",\"isPartOf\":{\"@id\":\"https:\\\/\\\/voice.global\\\/#website\"},\"primaryImageOfPage\":{\"@id\":\"https:\\\/\\\/voice.global\\\/fr\\\/blog\\\/le-leader-de-la-prochaine-generation\\\/#primaryimage\"},\"image\":{\"@id\":\"https:\\\/\\\/voice.global\\\/fr\\\/blog\\\/le-leader-de-la-prochaine-generation\\\/#primaryimage\"},\"thumbnailUrl\":\"https:\\\/\\\/voice.global\\\/assets\\\/2019\\\/04\\\/Lea.jpg\",\"datePublished\":\"2023-10-19T17:22:23+00:00\",\"dateModified\":\"2023-10-19T17:25:19+00:00\",\"description\":\"Lea Ignacio est une jeune dipl\u00f4m\u00e9e de 21 ans avec une sp\u00e9cialisation agricole en g\u00e9n\u00e9tique v\u00e9g\u00e9tale de l'Universit\u00e9 de Southern Mindanao \u00e0 North Cotabato, aux Philippines. Elle est membre de la tribu Erumanen ne Menuvu, qui est l'une des tribus avec lesquelles le Mouvement populaire pour la paix de Mindanao (MPPM) a travaill\u00e9 dans le cadre de son projet financ\u00e9 par Voice.\",\"breadcrumb\":{\"@id\":\"https:\\\/\\\/voice.global\\\/fr\\\/blog\\\/le-leader-de-la-prochaine-generation\\\/#breadcrumb\"},\"inLanguage\":\"fr-FR\",\"potentialAction\":[{\"@type\":\"ReadAction\",\"target\":[\"https:\\\/\\\/voice.global\\\/fr\\\/blog\\\/le-leader-de-la-prochaine-generation\\\/\"]}]},{\"@type\":\"ImageObject\",\"inLanguage\":\"fr-FR\",\"@id\":\"https:\\\/\\\/voice.global\\\/fr\\\/blog\\\/le-leader-de-la-prochaine-generation\\\/#primaryimage\",\"url\":\"https:\\\/\\\/voice.global\\\/assets\\\/2019\\\/04\\\/Lea.jpg\",\"contentUrl\":\"https:\\\/\\\/voice.global\\\/assets\\\/2019\\\/04\\\/Lea.jpg\",\"width\":3352,\"height\":2373},{\"@type\":\"BreadcrumbList\",\"@id\":\"https:\\\/\\\/voice.global\\\/fr\\\/blog\\\/le-leader-de-la-prochaine-generation\\\/#breadcrumb\",\"itemListElement\":[{\"@type\":\"ListItem\",\"position\":1,\"name\":\"Home\",\"item\":\"https:\\\/\\\/voice.global\\\/fr\\\/\"},{\"@type\":\"ListItem\",\"position\":2,\"name\":\"Blogs\",\"item\":\"https:\\\/\\\/voice.global\\\/blog\\\/\"},{\"@type\":\"ListItem\",\"position\":3,\"name\":\"Le leader de la prochaine g\u00e9n\u00e9ration\"}]},{\"@type\":\"WebSite\",\"@id\":\"https:\\\/\\\/voice.global\\\/#website\",\"url\":\"https:\\\/\\\/voice.global\\\/\",\"name\":\"Voice.Global\",\"description\":\"Include - Innovate - Influence\",\"potentialAction\":[{\"@type\":\"SearchAction\",\"target\":{\"@type\":\"EntryPoint\",\"urlTemplate\":\"https:\\\/\\\/voice.global\\\/?s={search_term_string}\"},\"query-input\":{\"@type\":\"PropertyValueSpecification\",\"valueRequired\":true,\"valueName\":\"search_term_string\"}}],\"inLanguage\":\"fr-FR\"}]}<\/script>\n<!-- \/ Yoast SEO plugin. -->","yoast_head_json":{"title":"Le leader de la prochaine g\u00e9n\u00e9ration - Voice.Global","description":"Lea Ignacio est une jeune dipl\u00f4m\u00e9e de 21 ans avec une sp\u00e9cialisation agricole en g\u00e9n\u00e9tique v\u00e9g\u00e9tale de l'Universit\u00e9 de Southern Mindanao \u00e0 North Cotabato, aux Philippines. Elle est membre de la tribu Erumanen ne Menuvu, qui est l'une des tribus avec lesquelles le Mouvement populaire pour la paix de Mindanao (MPPM) a travaill\u00e9 dans le cadre de son projet financ\u00e9 par Voice.","robots":{"index":"index","follow":"follow","max-snippet":"max-snippet:-1","max-image-preview":"max-image-preview:large","max-video-preview":"max-video-preview:-1"},"canonical":"https:\/\/voice.global\/fr\/blog\/le-leader-de-la-prochaine-generation\/","og_locale":"fr_FR","og_type":"article","og_title":"Le leader de la prochaine g\u00e9n\u00e9ration - Voice.Global","og_description":"Lea Ignacio est une jeune dipl\u00f4m\u00e9e de 21 ans avec une sp\u00e9cialisation agricole en g\u00e9n\u00e9tique v\u00e9g\u00e9tale de l'Universit\u00e9 de Southern Mindanao \u00e0 North Cotabato, aux Philippines. Elle est membre de la tribu Erumanen ne Menuvu, qui est l'une des tribus avec lesquelles le Mouvement populaire pour la paix de Mindanao (MPPM) a travaill\u00e9 dans le cadre de son projet financ\u00e9 par Voice.","og_url":"https:\/\/voice.global\/fr\/blog\/le-leader-de-la-prochaine-generation\/","og_site_name":"Voice.Global","article_modified_time":"2023-10-19T17:25:19+00:00","og_image":[{"width":3352,"height":2373,"url":"https:\/\/voice.global\/assets\/2019\/04\/Lea.jpg","type":"image\/jpeg"}],"twitter_card":"summary_large_image","twitter_misc":{"Dur\u00e9e de lecture estim\u00e9e":"5 minutes"},"schema":{"@context":"https:\/\/schema.org","@graph":[{"@type":"WebPage","@id":"https:\/\/voice.global\/fr\/blog\/le-leader-de-la-prochaine-generation\/","url":"https:\/\/voice.global\/fr\/blog\/le-leader-de-la-prochaine-generation\/","name":"Le leader de la prochaine g\u00e9n\u00e9ration - Voice.Global","isPartOf":{"@id":"https:\/\/voice.global\/#website"},"primaryImageOfPage":{"@id":"https:\/\/voice.global\/fr\/blog\/le-leader-de-la-prochaine-generation\/#primaryimage"},"image":{"@id":"https:\/\/voice.global\/fr\/blog\/le-leader-de-la-prochaine-generation\/#primaryimage"},"thumbnailUrl":"https:\/\/voice.global\/assets\/2019\/04\/Lea.jpg","datePublished":"2023-10-19T17:22:23+00:00","dateModified":"2023-10-19T17:25:19+00:00","description":"Lea Ignacio est une jeune dipl\u00f4m\u00e9e de 21 ans avec une sp\u00e9cialisation agricole en g\u00e9n\u00e9tique v\u00e9g\u00e9tale de l'Universit\u00e9 de Southern Mindanao \u00e0 North Cotabato, aux Philippines. Elle est membre de la tribu Erumanen ne Menuvu, qui est l'une des tribus avec lesquelles le Mouvement populaire pour la paix de Mindanao (MPPM) a travaill\u00e9 dans le cadre de son projet financ\u00e9 par Voice.","breadcrumb":{"@id":"https:\/\/voice.global\/fr\/blog\/le-leader-de-la-prochaine-generation\/#breadcrumb"},"inLanguage":"fr-FR","potentialAction":[{"@type":"ReadAction","target":["https:\/\/voice.global\/fr\/blog\/le-leader-de-la-prochaine-generation\/"]}]},{"@type":"ImageObject","inLanguage":"fr-FR","@id":"https:\/\/voice.global\/fr\/blog\/le-leader-de-la-prochaine-generation\/#primaryimage","url":"https:\/\/voice.global\/assets\/2019\/04\/Lea.jpg","contentUrl":"https:\/\/voice.global\/assets\/2019\/04\/Lea.jpg","width":3352,"height":2373},{"@type":"BreadcrumbList","@id":"https:\/\/voice.global\/fr\/blog\/le-leader-de-la-prochaine-generation\/#breadcrumb","itemListElement":[{"@type":"ListItem","position":1,"name":"Home","item":"https:\/\/voice.global\/fr\/"},{"@type":"ListItem","position":2,"name":"Blogs","item":"https:\/\/voice.global\/blog\/"},{"@type":"ListItem","position":3,"name":"Le leader de la prochaine g\u00e9n\u00e9ration"}]},{"@type":"WebSite","@id":"https:\/\/voice.global\/#website","url":"https:\/\/voice.global\/","name":"Voice.Global","description":"Include - Innovate - Influence","potentialAction":[{"@type":"SearchAction","target":{"@type":"EntryPoint","urlTemplate":"https:\/\/voice.global\/?s={search_term_string}"},"query-input":{"@type":"PropertyValueSpecification","valueRequired":true,"valueName":"search_term_string"}}],"inLanguage":"fr-FR"}]}},"thumbnail_src":"https:\/\/voice.global\/assets\/2019\/04\/Lea.jpg","_links":{"self":[{"href":"https:\/\/voice.global\/fr\/wp-json\/wp\/v2\/blog\/22491","targetHints":{"allow":["GET"]}}],"collection":[{"href":"https:\/\/voice.global\/fr\/wp-json\/wp\/v2\/blog"}],"about":[{"href":"https:\/\/voice.global\/fr\/wp-json\/wp\/v2\/types\/blog"}],"author":[{"embeddable":true,"href":"https:\/\/voice.global\/fr\/wp-json\/wp\/v2\/users\/18"}],"version-history":[{"count":2,"href":"https:\/\/voice.global\/fr\/wp-json\/wp\/v2\/blog\/22491\/revisions"}],"predecessor-version":[{"id":22502,"href":"https:\/\/voice.global\/fr\/wp-json\/wp\/v2\/blog\/22491\/revisions\/22502"}],"wp:featuredmedia":[{"embeddable":true,"href":"https:\/\/voice.global\/fr\/wp-json\/wp\/v2\/media\/5782"}],"wp:attachment":[{"href":"https:\/\/voice.global\/fr\/wp-json\/wp\/v2\/media?parent=22491"}],"wp:term":[{"taxonomy":"category","embeddable":true,"href":"https:\/\/voice.global\/fr\/wp-json\/wp\/v2\/categories?post=22491"},{"taxonomy":"post_tag","embeddable":true,"href":"https:\/\/voice.global\/fr\/wp-json\/wp\/v2\/tags?post=22491"},{"taxonomy":"country-cat","embeddable":true,"href":"https:\/\/voice.global\/fr\/wp-json\/wp\/v2\/country-cat?post=22491"},{"taxonomy":"publisher","embeddable":true,"href":"https:\/\/voice.global\/fr\/wp-json\/wp\/v2\/publisher?post=22491"}],"curies":[{"name":"wp","href":"https:\/\/api.w.org\/{rel}","templated":true}]}}