{"id":21192,"date":"2023-07-26T11:28:51","date_gmt":"2023-07-26T09:28:51","guid":{"rendered":"https:\/\/voice.global\/?post_type=blog&#038;p=21192"},"modified":"2023-07-26T11:36:19","modified_gmt":"2023-07-26T09:36:19","slug":"defendant-jeunes-agriculteurs","status":"publish","type":"blog","link":"https:\/\/voice.global\/fr\/blog\/defendant-jeunes-agriculteurs\/","title":{"rendered":"Premi\u00e8re ordonnance d\u00e9fendant les droits des jeunes agriculteurs, adopt\u00e9e \u00e0 Alaminos, Laguna !"},"content":{"rendered":"<p><em>Par Amiel Zeus Bautista, charg\u00e9 de communication, Center for Youth Advocacy and Networking (CYAN)<\/em><\/p>\n<figure id=\"attachment_21156\" aria-describedby=\"caption-attachment-21156\" style=\"width: 660px\" class=\"wp-caption aligncenter\"><img loading=\"lazy\" decoding=\"async\" class=\"wp-image-21156 \" src=\"https:\/\/voice.global\/assets\/2023\/07\/SAKAbataan-Photo-1-300x225.jpg\" alt=\"A group photo of people from the Center for Youth Advocacy and Networking and the Municipal Office of Alaminos, Laguna, showing the signed ordinance establishing a Young Farmers Council\" width=\"660\" height=\"495\" srcset=\"https:\/\/voice.global\/assets\/2023\/07\/SAKAbataan-Photo-1-300x225.jpg 300w, https:\/\/voice.global\/assets\/2023\/07\/SAKAbataan-Photo-1-1024x768.jpg 1024w, https:\/\/voice.global\/assets\/2023\/07\/SAKAbataan-Photo-1-768x576.jpg 768w, https:\/\/voice.global\/assets\/2023\/07\/SAKAbataan-Photo-1.jpg 1280w\" sizes=\"auto, (max-width: 660px) 100vw, 660px\" \/><figcaption id=\"caption-attachment-21156\" class=\"wp-caption-text\">Les repr\u00e9sentants de CYAN et du bureau municipal d&rsquo;Alaminos lors de la signature de l&rsquo;ordonnance locale pour l&rsquo;\u00e9tablissement du Conseil des jeunes agriculteurs.<\/figcaption><\/figure>\n<p>&nbsp;<\/p>\n<p style=\"text-align: justify;\">Le gouvernement municipal d&rsquo;Alaminos, Laguna, Philippines a adopt\u00e9 une ordonnance pour la cr\u00e9ation d&rsquo;un Conseil des jeunes agriculteurs le 18 juillet 2023. Il s&rsquo;agit de la premi\u00e8re ordonnance du pays qui donnera un r\u00f4le moteur aux jeunes agriculteurs philippins tout en d\u00e9fendant leurs propres droits.<\/p>\n<p>L&rsquo;objectif principal de l&rsquo;ordonnance est de disposer d&rsquo;un organe de planification et de d\u00e9cision pour les programmes, les projets et les activit\u00e9s des jeunes agriculteurs dans la municipalit\u00e9. Le conseil des jeunes agriculteurs, codirig\u00e9 par un repr\u00e9sentant \u00e9lu des jeunes agriculteurs, cr\u00e9era et mettra en \u0153uvre une feuille de route municipale pour les jeunes agriculteurs contenant un plan de d\u00e9veloppement du march\u00e9, un plan de s\u00e9curit\u00e9 alimentaire communautaire, une \u00e9valuation des risques de catastrophes climatiques (CDRA) et d&rsquo;autres guides pour les besoins agricoles des jeunes agriculteurs.<\/p>\n<p>Les membres du conseil seront des repr\u00e9sentants d&rsquo;organisations de jeunes agriculteurs et d&rsquo;agriculteurs, d&rsquo;organisations de jeunesse, de l&rsquo;Office local de d\u00e9veloppement de la jeunesse, du Conseil municipal de l&rsquo;agriculture et de la p\u00eache, de l&rsquo;Office municipal de l&rsquo;agriculture et d&rsquo;autres organisations de la soci\u00e9t\u00e9 civile (OSC).<\/p>\n<p><em>\u00ab\u00a0J&rsquo;ai donn\u00e9 la priorit\u00e9 \u00e0 cette ordonnance parce que j&rsquo;ai constat\u00e9 que nos agriculteurs vieillissent\u00a0\u00bb<\/em>, a fait remarquer la conseill\u00e8re Nicole Arida Pampolina, auteur principal et vice-pr\u00e9sidente de la commission de l&rsquo;agriculture d&rsquo;Alaminos. Le Conseil des jeunes agriculteurs est \u00e9galement charg\u00e9 d&rsquo;organiser une convention annuelle des jeunes agriculteurs afin d&rsquo;accro\u00eetre la participation des jeunes au secteur agricole.<\/p>\n<p>&nbsp;<\/p>\n<figure id=\"attachment_21158\" aria-describedby=\"caption-attachment-21158\" style=\"width: 480px\" class=\"wp-caption aligncenter\"><img loading=\"lazy\" decoding=\"async\" class=\" wp-image-21158\" src=\"https:\/\/voice.global\/assets\/2023\/07\/SAKAbataan-Photo-2-300x225.jpg\" alt=\"A photo of Nicole Arida Pampolina during the presentation of the ordinance.\" width=\"480\" height=\"360\" srcset=\"https:\/\/voice.global\/assets\/2023\/07\/SAKAbataan-Photo-2-300x225.jpg 300w, https:\/\/voice.global\/assets\/2023\/07\/SAKAbataan-Photo-2-1024x768.jpg 1024w, https:\/\/voice.global\/assets\/2023\/07\/SAKAbataan-Photo-2-768x576.jpg 768w, https:\/\/voice.global\/assets\/2023\/07\/SAKAbataan-Photo-2.jpg 1280w\" sizes=\"auto, (max-width: 480px) 100vw, 480px\" \/><figcaption id=\"caption-attachment-21158\" class=\"wp-caption-text\">La conseill\u00e8re Nicole Arida Pampolina lors de la pr\u00e9sentation de l&rsquo;ordonnance.<\/figcaption><\/figure>\n<p><br aria-hidden=\"true\" \/>L&rsquo;adoption de l&rsquo;ordonnance est \u00e9galement dirig\u00e9e par Edgardo Briz, co-auteur et pr\u00e9sident de la commission de l&rsquo;agriculture, et sign\u00e9e par Glenn Flores, maire d&rsquo;Alaminos, Laguna. L&rsquo;ordonnance a \u00e9t\u00e9 pr\u00e9sent\u00e9e le 18 juillet, apr\u00e8s avoir \u00e9t\u00e9 approuv\u00e9e le 2 mai 2023.<\/p>\n<p>Cette politique est \u00e9galement le fruit de SAKAbataan, une coalition de jeunes agriculteurs et de leurs alli\u00e9s, qui est un <a href=\"https:\/\/voice.global\/fr\/partenaires\/magna-carta-pour-jeunes-%e2%80%afagriculteurs\/\">projet d&rsquo;influence du Center for Youth Advocacy and Networking (CYAN) en collaboration avec le Center for Agrarian Reform, Empowerment, and Transformation (CARET).<\/a><\/p>\n","protected":false},"excerpt":{"rendered":"<p>Par Amiel Zeus Bautista, charg\u00e9 de communication, Center for Youth Advocacy and Networking (CYAN) &nbsp; Le gouvernement municipal d&rsquo;Alaminos, Laguna, Philippines a adopt\u00e9 une ordonnance pour la cr\u00e9ation d&rsquo;un Conseil des jeunes agriculteurs le 18 juillet 2023. Il s&rsquo;agit de la premi\u00e8re ordonnance du pays qui donnera un r\u00f4le moteur aux jeunes agriculteurs philippins tout [&hellip;]<\/p>\n","protected":false},"author":15,"featured_media":21157,"template":"","categories":[149],"tags":[],"country-cat":[],"publisher":[61],"class_list":["post-21192","blog","type-blog","status-publish","has-post-thumbnail","hentry","category-youth-day-fr","publisher-grantee"],"yoast_head":"<!-- This site is optimized with the Yoast SEO plugin v27.4 - https:\/\/yoast.com\/product\/yoast-seo-wordpress\/ -->\n<title>Premi\u00e8re ordonnance d\u00e9fendant les droits des jeunes agriculteurs, adopt\u00e9e \u00e0 Alaminos, Laguna ! - Voice.Global<\/title>\n<meta name=\"robots\" content=\"index, follow, max-snippet:-1, max-image-preview:large, max-video-preview:-1\" \/>\n<link rel=\"canonical\" href=\"https:\/\/voice.global\/fr\/blog\/defendant-jeunes-agriculteurs\/\" \/>\n<meta property=\"og:locale\" content=\"fr_FR\" \/>\n<meta property=\"og:type\" content=\"article\" \/>\n<meta property=\"og:title\" content=\"Premi\u00e8re ordonnance d\u00e9fendant les droits des jeunes agriculteurs, adopt\u00e9e \u00e0 Alaminos, Laguna ! - Voice.Global\" \/>\n<meta property=\"og:description\" content=\"Par Amiel Zeus Bautista, charg\u00e9 de communication, Center for Youth Advocacy and Networking (CYAN) &nbsp; Le gouvernement municipal d&rsquo;Alaminos, Laguna, Philippines a adopt\u00e9 une ordonnance pour la cr\u00e9ation d&rsquo;un Conseil des jeunes agriculteurs le 18 juillet 2023. Il s&rsquo;agit de la premi\u00e8re ordonnance du pays qui donnera un r\u00f4le moteur aux jeunes agriculteurs philippins tout [&hellip;]\" \/>\n<meta property=\"og:url\" content=\"https:\/\/voice.global\/fr\/blog\/defendant-jeunes-agriculteurs\/\" \/>\n<meta property=\"og:site_name\" content=\"Voice.Global\" \/>\n<meta property=\"article:modified_time\" content=\"2023-07-26T09:36:19+00:00\" \/>\n<meta property=\"og:image\" content=\"https:\/\/voice.global\/assets\/2023\/07\/SAKAbataan-Photo-1.jpg\" \/>\n\t<meta property=\"og:image:width\" content=\"1280\" \/>\n\t<meta property=\"og:image:height\" content=\"960\" \/>\n\t<meta property=\"og:image:type\" content=\"image\/jpeg\" \/>\n<meta name=\"twitter:card\" content=\"summary_large_image\" \/>\n<meta name=\"twitter:label1\" content=\"Dur\u00e9e de lecture estim\u00e9e\" \/>\n\t<meta name=\"twitter:data1\" content=\"3 minutes\" \/>\n<script type=\"application\/ld+json\" class=\"yoast-schema-graph\">{\"@context\":\"https:\\\/\\\/schema.org\",\"@graph\":[{\"@type\":\"WebPage\",\"@id\":\"https:\\\/\\\/voice.global\\\/fr\\\/blog\\\/defendant-jeunes-agriculteurs\\\/\",\"url\":\"https:\\\/\\\/voice.global\\\/fr\\\/blog\\\/defendant-jeunes-agriculteurs\\\/\",\"name\":\"Premi\u00e8re ordonnance d\u00e9fendant les droits des jeunes agriculteurs, adopt\u00e9e \u00e0 Alaminos, Laguna ! - Voice.Global\",\"isPartOf\":{\"@id\":\"https:\\\/\\\/voice.global\\\/#website\"},\"primaryImageOfPage\":{\"@id\":\"https:\\\/\\\/voice.global\\\/fr\\\/blog\\\/defendant-jeunes-agriculteurs\\\/#primaryimage\"},\"image\":{\"@id\":\"https:\\\/\\\/voice.global\\\/fr\\\/blog\\\/defendant-jeunes-agriculteurs\\\/#primaryimage\"},\"thumbnailUrl\":\"https:\\\/\\\/voice.global\\\/assets\\\/2023\\\/07\\\/SAKAbataan-Photo-1.jpg\",\"datePublished\":\"2023-07-26T09:28:51+00:00\",\"dateModified\":\"2023-07-26T09:36:19+00:00\",\"breadcrumb\":{\"@id\":\"https:\\\/\\\/voice.global\\\/fr\\\/blog\\\/defendant-jeunes-agriculteurs\\\/#breadcrumb\"},\"inLanguage\":\"fr-FR\",\"potentialAction\":[{\"@type\":\"ReadAction\",\"target\":[\"https:\\\/\\\/voice.global\\\/fr\\\/blog\\\/defendant-jeunes-agriculteurs\\\/\"]}]},{\"@type\":\"ImageObject\",\"inLanguage\":\"fr-FR\",\"@id\":\"https:\\\/\\\/voice.global\\\/fr\\\/blog\\\/defendant-jeunes-agriculteurs\\\/#primaryimage\",\"url\":\"https:\\\/\\\/voice.global\\\/assets\\\/2023\\\/07\\\/SAKAbataan-Photo-1.jpg\",\"contentUrl\":\"https:\\\/\\\/voice.global\\\/assets\\\/2023\\\/07\\\/SAKAbataan-Photo-1.jpg\",\"width\":1280,\"height\":960,\"caption\":\"SAKAbataan representatives posing together with the signed\"},{\"@type\":\"BreadcrumbList\",\"@id\":\"https:\\\/\\\/voice.global\\\/fr\\\/blog\\\/defendant-jeunes-agriculteurs\\\/#breadcrumb\",\"itemListElement\":[{\"@type\":\"ListItem\",\"position\":1,\"name\":\"Home\",\"item\":\"https:\\\/\\\/voice.global\\\/fr\\\/\"},{\"@type\":\"ListItem\",\"position\":2,\"name\":\"Blogs\",\"item\":\"https:\\\/\\\/voice.global\\\/blog\\\/\"},{\"@type\":\"ListItem\",\"position\":3,\"name\":\"Premi\u00e8re ordonnance d\u00e9fendant les droits des jeunes agriculteurs, adopt\u00e9e \u00e0 Alaminos, Laguna !\"}]},{\"@type\":\"WebSite\",\"@id\":\"https:\\\/\\\/voice.global\\\/#website\",\"url\":\"https:\\\/\\\/voice.global\\\/\",\"name\":\"Voice.Global\",\"description\":\"Include - Innovate - Influence\",\"potentialAction\":[{\"@type\":\"SearchAction\",\"target\":{\"@type\":\"EntryPoint\",\"urlTemplate\":\"https:\\\/\\\/voice.global\\\/?s={search_term_string}\"},\"query-input\":{\"@type\":\"PropertyValueSpecification\",\"valueRequired\":true,\"valueName\":\"search_term_string\"}}],\"inLanguage\":\"fr-FR\"}]}<\/script>\n<!-- \/ Yoast SEO plugin. -->","yoast_head_json":{"title":"Premi\u00e8re ordonnance d\u00e9fendant les droits des jeunes agriculteurs, adopt\u00e9e \u00e0 Alaminos, Laguna ! - Voice.Global","robots":{"index":"index","follow":"follow","max-snippet":"max-snippet:-1","max-image-preview":"max-image-preview:large","max-video-preview":"max-video-preview:-1"},"canonical":"https:\/\/voice.global\/fr\/blog\/defendant-jeunes-agriculteurs\/","og_locale":"fr_FR","og_type":"article","og_title":"Premi\u00e8re ordonnance d\u00e9fendant les droits des jeunes agriculteurs, adopt\u00e9e \u00e0 Alaminos, Laguna ! - Voice.Global","og_description":"Par Amiel Zeus Bautista, charg\u00e9 de communication, Center for Youth Advocacy and Networking (CYAN) &nbsp; Le gouvernement municipal d&rsquo;Alaminos, Laguna, Philippines a adopt\u00e9 une ordonnance pour la cr\u00e9ation d&rsquo;un Conseil des jeunes agriculteurs le 18 juillet 2023. Il s&rsquo;agit de la premi\u00e8re ordonnance du pays qui donnera un r\u00f4le moteur aux jeunes agriculteurs philippins tout [&hellip;]","og_url":"https:\/\/voice.global\/fr\/blog\/defendant-jeunes-agriculteurs\/","og_site_name":"Voice.Global","article_modified_time":"2023-07-26T09:36:19+00:00","og_image":[{"width":1280,"height":960,"url":"https:\/\/voice.global\/assets\/2023\/07\/SAKAbataan-Photo-1.jpg","type":"image\/jpeg"}],"twitter_card":"summary_large_image","twitter_misc":{"Dur\u00e9e de lecture estim\u00e9e":"3 minutes"},"schema":{"@context":"https:\/\/schema.org","@graph":[{"@type":"WebPage","@id":"https:\/\/voice.global\/fr\/blog\/defendant-jeunes-agriculteurs\/","url":"https:\/\/voice.global\/fr\/blog\/defendant-jeunes-agriculteurs\/","name":"Premi\u00e8re ordonnance d\u00e9fendant les droits des jeunes agriculteurs, adopt\u00e9e \u00e0 Alaminos, Laguna ! - Voice.Global","isPartOf":{"@id":"https:\/\/voice.global\/#website"},"primaryImageOfPage":{"@id":"https:\/\/voice.global\/fr\/blog\/defendant-jeunes-agriculteurs\/#primaryimage"},"image":{"@id":"https:\/\/voice.global\/fr\/blog\/defendant-jeunes-agriculteurs\/#primaryimage"},"thumbnailUrl":"https:\/\/voice.global\/assets\/2023\/07\/SAKAbataan-Photo-1.jpg","datePublished":"2023-07-26T09:28:51+00:00","dateModified":"2023-07-26T09:36:19+00:00","breadcrumb":{"@id":"https:\/\/voice.global\/fr\/blog\/defendant-jeunes-agriculteurs\/#breadcrumb"},"inLanguage":"fr-FR","potentialAction":[{"@type":"ReadAction","target":["https:\/\/voice.global\/fr\/blog\/defendant-jeunes-agriculteurs\/"]}]},{"@type":"ImageObject","inLanguage":"fr-FR","@id":"https:\/\/voice.global\/fr\/blog\/defendant-jeunes-agriculteurs\/#primaryimage","url":"https:\/\/voice.global\/assets\/2023\/07\/SAKAbataan-Photo-1.jpg","contentUrl":"https:\/\/voice.global\/assets\/2023\/07\/SAKAbataan-Photo-1.jpg","width":1280,"height":960,"caption":"SAKAbataan representatives posing together with the signed"},{"@type":"BreadcrumbList","@id":"https:\/\/voice.global\/fr\/blog\/defendant-jeunes-agriculteurs\/#breadcrumb","itemListElement":[{"@type":"ListItem","position":1,"name":"Home","item":"https:\/\/voice.global\/fr\/"},{"@type":"ListItem","position":2,"name":"Blogs","item":"https:\/\/voice.global\/blog\/"},{"@type":"ListItem","position":3,"name":"Premi\u00e8re ordonnance d\u00e9fendant les droits des jeunes agriculteurs, adopt\u00e9e \u00e0 Alaminos, Laguna !"}]},{"@type":"WebSite","@id":"https:\/\/voice.global\/#website","url":"https:\/\/voice.global\/","name":"Voice.Global","description":"Include - Innovate - Influence","potentialAction":[{"@type":"SearchAction","target":{"@type":"EntryPoint","urlTemplate":"https:\/\/voice.global\/?s={search_term_string}"},"query-input":{"@type":"PropertyValueSpecification","valueRequired":true,"valueName":"search_term_string"}}],"inLanguage":"fr-FR"}]}},"thumbnail_src":"https:\/\/voice.global\/assets\/2023\/07\/SAKAbataan-Photo-1.jpg","_links":{"self":[{"href":"https:\/\/voice.global\/fr\/wp-json\/wp\/v2\/blog\/21192","targetHints":{"allow":["GET"]}}],"collection":[{"href":"https:\/\/voice.global\/fr\/wp-json\/wp\/v2\/blog"}],"about":[{"href":"https:\/\/voice.global\/fr\/wp-json\/wp\/v2\/types\/blog"}],"author":[{"embeddable":true,"href":"https:\/\/voice.global\/fr\/wp-json\/wp\/v2\/users\/15"}],"version-history":[{"count":2,"href":"https:\/\/voice.global\/fr\/wp-json\/wp\/v2\/blog\/21192\/revisions"}],"predecessor-version":[{"id":21194,"href":"https:\/\/voice.global\/fr\/wp-json\/wp\/v2\/blog\/21192\/revisions\/21194"}],"wp:featuredmedia":[{"embeddable":true,"href":"https:\/\/voice.global\/fr\/wp-json\/wp\/v2\/media\/21157"}],"wp:attachment":[{"href":"https:\/\/voice.global\/fr\/wp-json\/wp\/v2\/media?parent=21192"}],"wp:term":[{"taxonomy":"category","embeddable":true,"href":"https:\/\/voice.global\/fr\/wp-json\/wp\/v2\/categories?post=21192"},{"taxonomy":"post_tag","embeddable":true,"href":"https:\/\/voice.global\/fr\/wp-json\/wp\/v2\/tags?post=21192"},{"taxonomy":"country-cat","embeddable":true,"href":"https:\/\/voice.global\/fr\/wp-json\/wp\/v2\/country-cat?post=21192"},{"taxonomy":"publisher","embeddable":true,"href":"https:\/\/voice.global\/fr\/wp-json\/wp\/v2\/publisher?post=21192"}],"curies":[{"name":"wp","href":"https:\/\/api.w.org\/{rel}","templated":true}]}}