{"id":20718,"date":"2023-05-19T08:45:45","date_gmt":"2023-05-19T06:45:45","guid":{"rendered":"https:\/\/voice.global\/?post_type=blog&#038;p=20718"},"modified":"2023-05-19T09:03:20","modified_gmt":"2023-05-19T07:03:20","slug":"violences-faites-femmes-filles","status":"publish","type":"blog","link":"https:\/\/voice.global\/fr\/blog\/violences-faites-femmes-filles\/","title":{"rendered":"\u00ab HALTE !!! aux violences faites aux femmes et aux jeunes filles \u00bb"},"content":{"rendered":"<p style=\"text-align: justify;\"><strong>Ecrit par Oumalhere Mamane, cheffe de projet Miroir de la femme Association des Jeunes Filles Leaders de Torodi<\/strong><\/p>\n<p style=\"text-align: justify;\">Tel est le th\u00e8me choisi par l\u2019association des jeunes filles leader de Torodi autour d\u2019une causerie-d\u00e9bat sur les diff\u00e9rentes formes de violences que subissent les femmes de leur communaut\u00e9.<\/p>\n<p style=\"text-align: justify;\">Cette activit\u00e9 s\u2019inscrit dans le cadre de la c\u00e9l\u00e9bration du 13 Mai, journ\u00e9e nationale des femmes nig\u00e9riennes et qui a regroup\u00e9 plus de 200 participants, autorit\u00e9s locales, femmes leaders, personnes ressources et d\u00e9tentrice de droits du projet.<\/p>\n<figure id=\"attachment_20723\" aria-describedby=\"caption-attachment-20723\" style=\"width: 624px\" class=\"wp-caption aligncenter\"><img loading=\"lazy\" decoding=\"async\" class=\"size-full wp-image-20723\" src=\"https:\/\/voice.global\/assets\/2023\/05\/intervention-de-Zalika.jpg\" alt=\"\" width=\"624\" height=\"832\" srcset=\"https:\/\/voice.global\/assets\/2023\/05\/intervention-de-Zalika.jpg 624w, https:\/\/voice.global\/assets\/2023\/05\/intervention-de-Zalika-225x300.jpg 225w\" sizes=\"auto, (max-width: 624px) 100vw, 624px\" \/><figcaption id=\"caption-attachment-20723\" class=\"wp-caption-text\">Intervention de Zalika<\/figcaption><\/figure>\n<p style=\"text-align: justify;\">Apr\u00e8s une petite causerie d\u00e9bat sur la th\u00e9matique, une illustration pour mieux toucher l\u2019audience a \u00e9t\u00e9 faites par des sketch de sensibilisation sur les formes de violences auxquelles les femmes et les jeunes filles font face surtout dans ce contexte s\u00e9curitaire.<\/p>\n<p style=\"text-align: justify;\">Le 1er sketch a \u00e9t\u00e9 une illustration de la violences domestique \u00e0 l\u2019endroit des jeunes filles pour montrer souvent comment la soci\u00e9t\u00e9 maltraite sans pour autant se rendre compte de l\u2019impact que \u00e7a pourrait avoir sur les jeunes filles.<\/p>\n<p style=\"text-align: justify;\">Apr\u00e8s ce sketch l\u2019animatrice a ouvert un d\u00e9bat autour pour recueillir les impressions des Participants mais aussi de r\u00e9pertori\u00e9 les diff\u00e9rents types de violence existante dans la commune de Torodi. Cet ainsi que \u00e0 la suite de sa question\u00a0: quelles sont les diff\u00e9rentes formes de violences que subissent les femmes\u00a0et les jeunes filles ?<\/p>\n<figure id=\"attachment_20719\" aria-describedby=\"caption-attachment-20719\" style=\"width: 641px\" class=\"wp-caption aligncenter\"><img loading=\"lazy\" decoding=\"async\" class=\"size-full wp-image-20719\" src=\"https:\/\/voice.global\/assets\/2023\/05\/sketch-de-sensibilisation-des-personnes-en-situation-de-handicap.jpg\" alt=\"\" width=\"641\" height=\"481\" srcset=\"https:\/\/voice.global\/assets\/2023\/05\/sketch-de-sensibilisation-des-personnes-en-situation-de-handicap.jpg 641w, https:\/\/voice.global\/assets\/2023\/05\/sketch-de-sensibilisation-des-personnes-en-situation-de-handicap-300x225.jpg 300w\" sizes=\"auto, (max-width: 641px) 100vw, 641px\" \/><figcaption id=\"caption-attachment-20719\" class=\"wp-caption-text\">Sketch de sensibilisation des personnes en situation de handicap<\/figcaption><\/figure>\n<p style=\"text-align: justify;\">\u00a0C\u2019est en ce moment que Ladi Belko a confirm\u00e9\u00a0: il y\u2019a des violences conjugales entre mari et femme, occasionn\u00e9es par les mariages forc\u00e9s o\u00f9 la fille n\u2019aime pas son mari mais on la force \u00e0 accepter le mari. Il y\u2019a aussi des cas de viol o\u00f9 les filles sont viol\u00e9es par adultes mais la soci\u00e9t\u00e9 ne d\u00e9nonce jamais parce que pour eux c\u2019est un membre de la famille et que les gens doivent garder le secret familial. Or ce type de traumatisme entra\u00eenent des r\u00e9percussions psychologiques qui conduise m\u00eame au suicide.<\/p>\n<p style=\"text-align: justify;\">En m\u00eame temps une femme au nom de zalika de Koubo a ajout\u00e9\u00a0: l\u2019ann\u00e9e derni\u00e8re nos filles qui partaient \u00e0 l\u2019\u00e9cole \u00e0 Torodi avaient subi une forme de violence psychologique ou \u00e0 chaque descente pour venir au village y\u2019avait un homme qui vient toujours au ruisseau pour les attendre. Il cache son visage avec un turban. Les enfants courent \u00e0 chaque fois jusqu\u2019\u00e0 ce que certaines filles aient abandonn\u00e9 l\u2019\u00e9cole.<\/p>\n<p style=\"text-align: justify;\">Saley Mangal a amen\u00e9 une petite fille pour t\u00e9moigner ceci\u00a0\u00ab cette fille que vous voyez c\u2019est ma ni\u00e8ce. Elle se trouve \u00e0 100 km de Torodi. Elle a \u00e9t\u00e9 marier avec force alors qu\u2019elle n\u2019a que 12 ans. Elle s\u2019est enfuit \u00e0 pied pour venir chez moi\u00a0\u00bb.<\/p>\n<p style=\"text-align: justify;\">Apr\u00e8s un sketch de sensibilisation sur la violence des mariages pr\u00e9coces ont \u00e9t\u00e9 fait par les personnes en situation de handicap pour nous montrer non seulement les dangers li\u00e9s \u00e0 \u00e7a mais aussi leur implication pour le d\u00e9veloppement de leur communaut\u00e9.<\/p>\n<figure>\n<p><figure id=\"attachment_20721\" aria-describedby=\"caption-attachment-20721\" style=\"width: 572px\" class=\"wp-caption aligncenter\"><img loading=\"lazy\" decoding=\"async\" class=\"wp-image-20721 size-full\" src=\"https:\/\/voice.global\/assets\/2023\/05\/temoignage-de-saley-mangal.jpg\" alt=\"\" width=\"572\" height=\"762\" srcset=\"https:\/\/voice.global\/assets\/2023\/05\/temoignage-de-saley-mangal.jpg 572w, https:\/\/voice.global\/assets\/2023\/05\/temoignage-de-saley-mangal-225x300.jpg 225w\" sizes=\"auto, (max-width: 572px) 100vw, 572px\" \/><figcaption id=\"caption-attachment-20721\" class=\"wp-caption-text\">T\u00e9moignage de Saley Mangal<\/figcaption><\/figure><\/figure>\n","protected":false},"excerpt":{"rendered":"<p>Ecrit par Oumalhere Mamane, cheffe de projet Miroir de la femme Association des Jeunes Filles Leaders de Torodi Tel est le th\u00e8me choisi par l\u2019association des jeunes filles leader de Torodi autour d\u2019une causerie-d\u00e9bat sur les diff\u00e9rentes formes de violences que subissent les femmes de leur communaut\u00e9. Cette activit\u00e9 s\u2019inscrit dans le cadre de la [&hellip;]<\/p>\n","protected":false},"author":15,"featured_media":20719,"template":"","categories":[],"tags":[],"country-cat":[],"publisher":[61],"class_list":["post-20718","blog","type-blog","status-publish","has-post-thumbnail","hentry","publisher-grantee"],"yoast_head":"<!-- This site is optimized with the Yoast SEO plugin v27.4 - https:\/\/yoast.com\/product\/yoast-seo-wordpress\/ -->\n<title>\u00ab HALTE !!! aux violences faites aux femmes et aux jeunes filles \u00bb - Voice.Global<\/title>\n<meta name=\"robots\" content=\"index, follow, max-snippet:-1, max-image-preview:large, max-video-preview:-1\" \/>\n<link rel=\"canonical\" href=\"https:\/\/voice.global\/fr\/blog\/violences-faites-femmes-filles\/\" \/>\n<meta property=\"og:locale\" content=\"fr_FR\" \/>\n<meta property=\"og:type\" content=\"article\" \/>\n<meta property=\"og:title\" content=\"\u00ab HALTE !!! aux violences faites aux femmes et aux jeunes filles \u00bb - Voice.Global\" \/>\n<meta property=\"og:description\" content=\"Ecrit par Oumalhere Mamane, cheffe de projet Miroir de la femme Association des Jeunes Filles Leaders de Torodi Tel est le th\u00e8me choisi par l\u2019association des jeunes filles leader de Torodi autour d\u2019une causerie-d\u00e9bat sur les diff\u00e9rentes formes de violences que subissent les femmes de leur communaut\u00e9. Cette activit\u00e9 s\u2019inscrit dans le cadre de la [&hellip;]\" \/>\n<meta property=\"og:url\" content=\"https:\/\/voice.global\/fr\/blog\/violences-faites-femmes-filles\/\" \/>\n<meta property=\"og:site_name\" content=\"Voice.Global\" \/>\n<meta property=\"article:modified_time\" content=\"2023-05-19T07:03:20+00:00\" \/>\n<meta property=\"og:image\" content=\"https:\/\/voice.global\/assets\/2023\/05\/sketch-de-sensibilisation-des-personnes-en-situation-de-handicap.jpg\" \/>\n\t<meta property=\"og:image:width\" content=\"641\" \/>\n\t<meta property=\"og:image:height\" content=\"481\" \/>\n\t<meta property=\"og:image:type\" content=\"image\/jpeg\" \/>\n<meta name=\"twitter:card\" content=\"summary_large_image\" \/>\n<meta name=\"twitter:label1\" content=\"Dur\u00e9e de lecture estim\u00e9e\" \/>\n\t<meta name=\"twitter:data1\" content=\"3 minutes\" \/>\n<script type=\"application\/ld+json\" class=\"yoast-schema-graph\">{\"@context\":\"https:\\\/\\\/schema.org\",\"@graph\":[{\"@type\":\"WebPage\",\"@id\":\"https:\\\/\\\/voice.global\\\/fr\\\/blog\\\/violences-faites-femmes-filles\\\/\",\"url\":\"https:\\\/\\\/voice.global\\\/fr\\\/blog\\\/violences-faites-femmes-filles\\\/\",\"name\":\"\u00ab HALTE !!! aux violences faites aux femmes et aux jeunes filles \u00bb - Voice.Global\",\"isPartOf\":{\"@id\":\"https:\\\/\\\/voice.global\\\/#website\"},\"primaryImageOfPage\":{\"@id\":\"https:\\\/\\\/voice.global\\\/fr\\\/blog\\\/violences-faites-femmes-filles\\\/#primaryimage\"},\"image\":{\"@id\":\"https:\\\/\\\/voice.global\\\/fr\\\/blog\\\/violences-faites-femmes-filles\\\/#primaryimage\"},\"thumbnailUrl\":\"https:\\\/\\\/voice.global\\\/assets\\\/2023\\\/05\\\/sketch-de-sensibilisation-des-personnes-en-situation-de-handicap.jpg\",\"datePublished\":\"2023-05-19T06:45:45+00:00\",\"dateModified\":\"2023-05-19T07:03:20+00:00\",\"breadcrumb\":{\"@id\":\"https:\\\/\\\/voice.global\\\/fr\\\/blog\\\/violences-faites-femmes-filles\\\/#breadcrumb\"},\"inLanguage\":\"fr-FR\",\"potentialAction\":[{\"@type\":\"ReadAction\",\"target\":[\"https:\\\/\\\/voice.global\\\/fr\\\/blog\\\/violences-faites-femmes-filles\\\/\"]}]},{\"@type\":\"ImageObject\",\"inLanguage\":\"fr-FR\",\"@id\":\"https:\\\/\\\/voice.global\\\/fr\\\/blog\\\/violences-faites-femmes-filles\\\/#primaryimage\",\"url\":\"https:\\\/\\\/voice.global\\\/assets\\\/2023\\\/05\\\/sketch-de-sensibilisation-des-personnes-en-situation-de-handicap.jpg\",\"contentUrl\":\"https:\\\/\\\/voice.global\\\/assets\\\/2023\\\/05\\\/sketch-de-sensibilisation-des-personnes-en-situation-de-handicap.jpg\",\"width\":641,\"height\":481,\"caption\":\"Sketch de sensibilisation des personnes en situation de handicap\"},{\"@type\":\"BreadcrumbList\",\"@id\":\"https:\\\/\\\/voice.global\\\/fr\\\/blog\\\/violences-faites-femmes-filles\\\/#breadcrumb\",\"itemListElement\":[{\"@type\":\"ListItem\",\"position\":1,\"name\":\"Home\",\"item\":\"https:\\\/\\\/voice.global\\\/fr\\\/\"},{\"@type\":\"ListItem\",\"position\":2,\"name\":\"Blogs\",\"item\":\"https:\\\/\\\/voice.global\\\/fr\\\/blog\\\/\"},{\"@type\":\"ListItem\",\"position\":3,\"name\":\"\u00ab HALTE !!! aux violences faites aux femmes et aux jeunes filles \u00bb\"}]},{\"@type\":\"WebSite\",\"@id\":\"https:\\\/\\\/voice.global\\\/#website\",\"url\":\"https:\\\/\\\/voice.global\\\/\",\"name\":\"Voice.Global\",\"description\":\"Include - Innovate - Influence\",\"potentialAction\":[{\"@type\":\"SearchAction\",\"target\":{\"@type\":\"EntryPoint\",\"urlTemplate\":\"https:\\\/\\\/voice.global\\\/?s={search_term_string}\"},\"query-input\":{\"@type\":\"PropertyValueSpecification\",\"valueRequired\":true,\"valueName\":\"search_term_string\"}}],\"inLanguage\":\"fr-FR\"}]}<\/script>\n<!-- \/ Yoast SEO plugin. -->","yoast_head_json":{"title":"\u00ab HALTE !!! aux violences faites aux femmes et aux jeunes filles \u00bb - Voice.Global","robots":{"index":"index","follow":"follow","max-snippet":"max-snippet:-1","max-image-preview":"max-image-preview:large","max-video-preview":"max-video-preview:-1"},"canonical":"https:\/\/voice.global\/fr\/blog\/violences-faites-femmes-filles\/","og_locale":"fr_FR","og_type":"article","og_title":"\u00ab HALTE !!! aux violences faites aux femmes et aux jeunes filles \u00bb - Voice.Global","og_description":"Ecrit par Oumalhere Mamane, cheffe de projet Miroir de la femme Association des Jeunes Filles Leaders de Torodi Tel est le th\u00e8me choisi par l\u2019association des jeunes filles leader de Torodi autour d\u2019une causerie-d\u00e9bat sur les diff\u00e9rentes formes de violences que subissent les femmes de leur communaut\u00e9. Cette activit\u00e9 s\u2019inscrit dans le cadre de la [&hellip;]","og_url":"https:\/\/voice.global\/fr\/blog\/violences-faites-femmes-filles\/","og_site_name":"Voice.Global","article_modified_time":"2023-05-19T07:03:20+00:00","og_image":[{"width":641,"height":481,"url":"https:\/\/voice.global\/assets\/2023\/05\/sketch-de-sensibilisation-des-personnes-en-situation-de-handicap.jpg","type":"image\/jpeg"}],"twitter_card":"summary_large_image","twitter_misc":{"Dur\u00e9e de lecture estim\u00e9e":"3 minutes"},"schema":{"@context":"https:\/\/schema.org","@graph":[{"@type":"WebPage","@id":"https:\/\/voice.global\/fr\/blog\/violences-faites-femmes-filles\/","url":"https:\/\/voice.global\/fr\/blog\/violences-faites-femmes-filles\/","name":"\u00ab HALTE !!! aux violences faites aux femmes et aux jeunes filles \u00bb - Voice.Global","isPartOf":{"@id":"https:\/\/voice.global\/#website"},"primaryImageOfPage":{"@id":"https:\/\/voice.global\/fr\/blog\/violences-faites-femmes-filles\/#primaryimage"},"image":{"@id":"https:\/\/voice.global\/fr\/blog\/violences-faites-femmes-filles\/#primaryimage"},"thumbnailUrl":"https:\/\/voice.global\/assets\/2023\/05\/sketch-de-sensibilisation-des-personnes-en-situation-de-handicap.jpg","datePublished":"2023-05-19T06:45:45+00:00","dateModified":"2023-05-19T07:03:20+00:00","breadcrumb":{"@id":"https:\/\/voice.global\/fr\/blog\/violences-faites-femmes-filles\/#breadcrumb"},"inLanguage":"fr-FR","potentialAction":[{"@type":"ReadAction","target":["https:\/\/voice.global\/fr\/blog\/violences-faites-femmes-filles\/"]}]},{"@type":"ImageObject","inLanguage":"fr-FR","@id":"https:\/\/voice.global\/fr\/blog\/violences-faites-femmes-filles\/#primaryimage","url":"https:\/\/voice.global\/assets\/2023\/05\/sketch-de-sensibilisation-des-personnes-en-situation-de-handicap.jpg","contentUrl":"https:\/\/voice.global\/assets\/2023\/05\/sketch-de-sensibilisation-des-personnes-en-situation-de-handicap.jpg","width":641,"height":481,"caption":"Sketch de sensibilisation des personnes en situation de handicap"},{"@type":"BreadcrumbList","@id":"https:\/\/voice.global\/fr\/blog\/violences-faites-femmes-filles\/#breadcrumb","itemListElement":[{"@type":"ListItem","position":1,"name":"Home","item":"https:\/\/voice.global\/fr\/"},{"@type":"ListItem","position":2,"name":"Blogs","item":"https:\/\/voice.global\/fr\/blog\/"},{"@type":"ListItem","position":3,"name":"\u00ab HALTE !!! aux violences faites aux femmes et aux jeunes filles \u00bb"}]},{"@type":"WebSite","@id":"https:\/\/voice.global\/#website","url":"https:\/\/voice.global\/","name":"Voice.Global","description":"Include - Innovate - Influence","potentialAction":[{"@type":"SearchAction","target":{"@type":"EntryPoint","urlTemplate":"https:\/\/voice.global\/?s={search_term_string}"},"query-input":{"@type":"PropertyValueSpecification","valueRequired":true,"valueName":"search_term_string"}}],"inLanguage":"fr-FR"}]}},"thumbnail_src":"https:\/\/voice.global\/assets\/2023\/05\/sketch-de-sensibilisation-des-personnes-en-situation-de-handicap.jpg","_links":{"self":[{"href":"https:\/\/voice.global\/fr\/wp-json\/wp\/v2\/blog\/20718","targetHints":{"allow":["GET"]}}],"collection":[{"href":"https:\/\/voice.global\/fr\/wp-json\/wp\/v2\/blog"}],"about":[{"href":"https:\/\/voice.global\/fr\/wp-json\/wp\/v2\/types\/blog"}],"author":[{"embeddable":true,"href":"https:\/\/voice.global\/fr\/wp-json\/wp\/v2\/users\/15"}],"version-history":[{"count":3,"href":"https:\/\/voice.global\/fr\/wp-json\/wp\/v2\/blog\/20718\/revisions"}],"predecessor-version":[{"id":20732,"href":"https:\/\/voice.global\/fr\/wp-json\/wp\/v2\/blog\/20718\/revisions\/20732"}],"wp:featuredmedia":[{"embeddable":true,"href":"https:\/\/voice.global\/fr\/wp-json\/wp\/v2\/media\/20719"}],"wp:attachment":[{"href":"https:\/\/voice.global\/fr\/wp-json\/wp\/v2\/media?parent=20718"}],"wp:term":[{"taxonomy":"category","embeddable":true,"href":"https:\/\/voice.global\/fr\/wp-json\/wp\/v2\/categories?post=20718"},{"taxonomy":"post_tag","embeddable":true,"href":"https:\/\/voice.global\/fr\/wp-json\/wp\/v2\/tags?post=20718"},{"taxonomy":"country-cat","embeddable":true,"href":"https:\/\/voice.global\/fr\/wp-json\/wp\/v2\/country-cat?post=20718"},{"taxonomy":"publisher","embeddable":true,"href":"https:\/\/voice.global\/fr\/wp-json\/wp\/v2\/publisher?post=20718"}],"curies":[{"name":"wp","href":"https:\/\/api.w.org\/{rel}","templated":true}]}}