{"id":20638,"date":"2023-05-10T13:58:33","date_gmt":"2023-05-10T11:58:33","guid":{"rendered":"https:\/\/voice.global\/?post_type=blog&#038;p=20638"},"modified":"2023-05-10T14:00:42","modified_gmt":"2023-05-10T12:00:42","slug":"celebrer-les-voix-de-base","status":"publish","type":"blog","link":"https:\/\/voice.global\/fr\/blog\/celebrer-les-voix-de-base\/","title":{"rendered":"C\u00e9l\u00e9brer les voix de la base au Cambodge, au Laos, en Indon\u00e9sie et aux Philippines"},"content":{"rendered":"<p><strong>Arcs-en-ciel et couleurs dans la foi et la culture : C\u00e9l\u00e9bration des voix de la base au Cambodge, au Laos, en Indon\u00e9sie et aux Philippines<\/strong><\/p>\n<p style=\"text-align: justify;\">Ecrit Par: <strong>Kayla del Mundo Lapiz\u00a0<\/strong>&#8211;\u00a0Charg\u00e9e de Lien, Apprentissage et Amplification aux Philippines<\/p>\n<p style=\"text-align: justify;\"><strong>Giany Amorita<\/strong> &#8211; Charg\u00e9e de Lien, Apprentissage et Amplification en Indonesie<\/p>\n<p style=\"text-align: justify;\"><strong>Saophorn Phoeng<\/strong> &#8211; Charg\u00e9e de Lien, Apprentissage et Amplification au Cambodge<\/p>\n<p style=\"text-align: justify;\">Quelle fa\u00e7on de terminer l&rsquo;ann\u00e9e ! Du 28<sup>th<\/sup> novembre au 2<sup>nd<\/sup> d\u00e9cembre 2022, l&rsquo;\u00e9quipe de Voice en Asie et certains partenaires ont particip\u00e9 \u00e0 la 9e conf\u00e9rence ILGA Asie \u00e0 Ho Chi Minh, au Vietnam. Le th\u00e8me de la conf\u00e9rence 2022 \u00e9tait \u00ab\u00a0Nos \u00e9preuves, nos triomphes et l&rsquo;avenir que nous exigeons\u00a0\u00bb, offrant \u00e0 tous les participants un espace de r\u00e9flexion sur leur parcours individuel et collectif vers l&rsquo;inclusion LGBTIQ+. Les \u00e9quipes ont fait des pr\u00e9sentations \u00e0 la fois lors de la conf\u00e9rence pr\u00e9-donateurs et de la session principale, partageant en particulier les diff\u00e9rents contextes de construction de mouvements de base et les syst\u00e8mes de soutien qui permettent ou emp\u00eachent leur \u00e9panouissement.<\/p>\n<p style=\"text-align: justify;\">Lors de la conf\u00e9rence pr\u00e9paratoire, l&rsquo;\u00e9quipe de Voice en Asie a fait part de son exp\u00e9rience en mati\u00e8re de soutien aux mouvements communautaires LGBTIQ+, en particulier ceux dirig\u00e9s par des groupes \u00e9mergents ou informels. Bien que des diff\u00e9rences de contexte soient observables, l&rsquo;utilisation d&rsquo;une lentille intersectionnelle a \u00e9t\u00e9 soulign\u00e9e comme une strat\u00e9gie pour construire et renforcer les mouvements crois\u00e9s, en particulier dans les pays o\u00f9 les risques de s\u00e9curit\u00e9 sont les plus \u00e9lev\u00e9s. Ce fut un espace enrichissant, non seulement pour Voice, mais aussi pour apprendre d&rsquo;autres bailleurs de fonds \u00e0 travers le monde sur des sujets tels que les mouvements antisexistes, la r\u00e9ponse humanitaire et le financement flexible, entre autres. Outre l&rsquo;\u00e9quipe asiatique de Voice qui a anim\u00e9 une session pr\u00e9alable \u00e0 la conf\u00e9rence des donateurs, RJ Neyra a repr\u00e9sent\u00e9 Initiatives and Movement for Gender Liberation Against Discrimination (IMGLAD), un partenaire subventionn\u00e9 des Philippines, en tant que pan\u00e9liste lors de la session pr\u00e9alable \u00e0 la conf\u00e9rence interconfessionnelle anim\u00e9e par le Global Interfaith Network (r\u00e9seau interconfessionnel mondial). \u00c0 cette occasion, il a \u00e9voqu\u00e9 les d\u00e9fis auxquels la communaut\u00e9 est confront\u00e9e face aux mouvements religieux et antisexistes, ainsi que les strat\u00e9gies possibles pour contrer ces forces.<\/p>\n<figure id=\"attachment_19914\" aria-describedby=\"caption-attachment-19914\" style=\"width: 1536px\" class=\"wp-caption aligncenter\"><img loading=\"lazy\" decoding=\"async\" class=\"wp-image-19914 size-full\" src=\"https:\/\/voice.global\/assets\/2023\/02\/ILGA-Asia_Pre-donor-Conference_RJ.jpg\" alt=\"\" width=\"1536\" height=\"2048\" srcset=\"https:\/\/voice.global\/assets\/2023\/02\/ILGA-Asia_Pre-donor-Conference_RJ.jpg 1536w, https:\/\/voice.global\/assets\/2023\/02\/ILGA-Asia_Pre-donor-Conference_RJ-225x300.jpg 225w, https:\/\/voice.global\/assets\/2023\/02\/ILGA-Asia_Pre-donor-Conference_RJ-768x1024.jpg 768w, https:\/\/voice.global\/assets\/2023\/02\/ILGA-Asia_Pre-donor-Conference_RJ-1152x1536.jpg 1152w\" sizes=\"auto, (max-width: 1536px) 100vw, 1536px\" \/><figcaption id=\"caption-attachment-19914\" class=\"wp-caption-text\">Session interconfessionnelle pr\u00e9-conf\u00e9rence<\/figcaption><\/figure>\n<p style=\"text-align: justify;\">La session principale de la conf\u00e9rence, organis\u00e9e par les partenaires de Voice, s&rsquo;est concentr\u00e9e sur \u00ab\u00a0La foi, la culture et l&rsquo;inclusion des personnes LGBTIQ+ : Reconqu\u00e9rir les espaces et les r\u00e9cits\u00a0\u00bb.\u00a0 Elle a adopt\u00e9 une approche d&rsquo;\u00e9change de connaissances o\u00f9 des questions d&rsquo;apprentissage ont \u00e9t\u00e9 pr\u00e9sent\u00e9es afin de les approfondir par le biais de r\u00e9cits et de les partager dans un espace ouvert. Voice est tr\u00e8s fier de ses conteurs de <a href=\"https:\/\/voice.global\/fr\/partenaires\/amour-diversite-femmes-lbtiq\/#project\">Love is Diversity<\/a> et de <a href=\"https:\/\/voice.global\/fr\/partenaires\/reve-liberte-voix-haute\/#project\">SafeSpaceBTB<\/a> (Cambodge), Community Health and Inclusion Association ou CHIAS (Laos), Elderly Rights, Support, and Treatment (Indon\u00e9sie), IMGLAD (Philippines), et de la vibrante mod\u00e9ratrice de la session, Genica Bucao de l&rsquo;ASEAN SOGIE Caucus (ASC).<\/p>\n<figure>\n<p><figure id=\"attachment_19916\" aria-describedby=\"caption-attachment-19916\" style=\"width: 1280px\" class=\"wp-caption aligncenter\"><img loading=\"lazy\" decoding=\"async\" class=\"wp-image-19916 size-full\" src=\"https:\/\/voice.global\/assets\/2023\/02\/ILGA-Asia_Main-Conference-Session-Participants.jpg\" alt=\"\" width=\"1280\" height=\"958\" srcset=\"https:\/\/voice.global\/assets\/2023\/02\/ILGA-Asia_Main-Conference-Session-Participants.jpg 1280w, https:\/\/voice.global\/assets\/2023\/02\/ILGA-Asia_Main-Conference-Session-Participants-300x225.jpg 300w, https:\/\/voice.global\/assets\/2023\/02\/ILGA-Asia_Main-Conference-Session-Participants-1024x766.jpg 1024w, https:\/\/voice.global\/assets\/2023\/02\/ILGA-Asia_Main-Conference-Session-Participants-768x575.jpg 768w\" sizes=\"auto, (max-width: 1280px) 100vw, 1280px\" \/><figcaption id=\"caption-attachment-19916\" class=\"wp-caption-text\">Storytellers&rsquo; session from Voice together with the participants from various organisations and countries<\/figcaption><\/figure><\/figure>\n<p style=\"text-align: justify;\">Tous les conteurs fantastiques, ainsi que les participants \u00e0 la session, se sont plong\u00e9s dans leurs r\u00e9cits, r\u00e9fl\u00e9chissant \u00e0 la question de savoir si la foi, la culture et les religions sont des facilitateurs ou des obstacles \u00e0 un mouvement harmonis\u00e9 et solide en faveur d&rsquo;espaces inclusifs. Ils ont partag\u00e9 un large \u00e9ventail de r\u00e9cits sur les bonnes pratiques pour promouvoir des espaces et des initiatives justes et inclusifs, en engageant des alli\u00e9s et des acteurs cl\u00e9s issus de groupes religieux, confessionnels et culturels, et en affrontant les obstacles en reconnaissant les opportunit\u00e9s d&rsquo;explorer et de collaborer. Ce fut une exp\u00e9rience enrichissante (pour tout le monde, esp\u00e9rons-le !) et, en m\u00eame temps, un espace qui a encourag\u00e9 l&rsquo;autonomisation mutuelle &#8211; depuis les pr\u00e9paratifs jusqu&rsquo;\u00e0 la conclusion de la session\u00a0\u00bb.<\/p>\n<p style=\"text-align: justify;\">Vous trouverez ci-dessous les r\u00e9flexions de nos conteurs et de l&rsquo;\u00e9quipe de Voice Asia, sur le r\u00e9cit qu&rsquo;ils continuent \u00e0 tenir et sur les principaux enseignements qu&rsquo;ils en ont tir\u00e9s.<\/p>\n<figure id=\"attachment_19922\" aria-describedby=\"caption-attachment-19922\" style=\"width: 1024px\" class=\"wp-caption aligncenter\"><img loading=\"lazy\" decoding=\"async\" class=\"wp-image-19922 size-full\" src=\"https:\/\/voice.global\/assets\/2023\/02\/45f3a961-3086-408f-bf63-44c2b8528401.jpg\" alt=\"\" width=\"1024\" height=\"768\" srcset=\"https:\/\/voice.global\/assets\/2023\/02\/45f3a961-3086-408f-bf63-44c2b8528401.jpg 1024w, https:\/\/voice.global\/assets\/2023\/02\/45f3a961-3086-408f-bf63-44c2b8528401-300x225.jpg 300w, https:\/\/voice.global\/assets\/2023\/02\/45f3a961-3086-408f-bf63-44c2b8528401-768x576.jpg 768w\" sizes=\"auto, (max-width: 1024px) 100vw, 1024px\" \/><figcaption id=\"caption-attachment-19922\" class=\"wp-caption-text\">Thida Kuy, de l&rsquo;association Love is Diversity, a pr\u00e9sent\u00e9 les efforts remarquables d&rsquo;amplification et de campagne en faveur de l&rsquo;inclusion et de la protection des personnes LGBTI<\/figcaption><\/figure>\n<p style=\"text-align: justify;\">L&rsquo;ILGA est une excellente occasion de s&rsquo;engager davantage en apprenant, en partageant des exp\u00e9riences de vie et en \u00e9laborant des strat\u00e9gies. Elle peut m&rsquo;aider \u00e0 explorer de nombreuses opportunit\u00e9s et \u00e0 d\u00e9velopper une pens\u00e9e critique plus profonde et plus large. Il s&rsquo;agit de la biblioth\u00e8que de vie des personnes LGBTIQ et de leurs alli\u00e9s en Asie.<\/p>\n<blockquote><p><em>Il n&rsquo;y a pas de succ\u00e8s sans d\u00e9fis ni luttes. Mais, dans le bon sens, nous devons travailler dur et intelligemment, unir les partisans et apprendre les uns des autres sur la fa\u00e7on de s&rsquo;engager davantage et d&rsquo;\u00e9tablir des voies cruciales vers l&rsquo;\u00e9galit\u00e9. En outre, la personne-ressource est vitale pour notre mouvement forestier, car elle aide les personnes LGBTIQ \u00e0 devenir des ressources, \u00e0 r\u00e9aliser leur potentiel et \u00e0 devenir une communaut\u00e9 LGBTIQ forte. &#8211; Thida Kuy, Love is Diversity, Cambodge<\/em><\/p><\/blockquote>\n<figure id=\"attachment_19924\" aria-describedby=\"caption-attachment-19924\" style=\"width: 1600px\" class=\"wp-caption aligncenter\"><img loading=\"lazy\" decoding=\"async\" class=\"size-full wp-image-19924\" src=\"https:\/\/voice.global\/assets\/2023\/02\/ILGA-Asia_Mami-Rully.jpg\" alt=\"\" width=\"1600\" height=\"1094\" srcset=\"https:\/\/voice.global\/assets\/2023\/02\/ILGA-Asia_Mami-Rully.jpg 1600w, https:\/\/voice.global\/assets\/2023\/02\/ILGA-Asia_Mami-Rully-300x205.jpg 300w, https:\/\/voice.global\/assets\/2023\/02\/ILGA-Asia_Mami-Rully-1024x700.jpg 1024w, https:\/\/voice.global\/assets\/2023\/02\/ILGA-Asia_Mami-Rully-768x525.jpg 768w, https:\/\/voice.global\/assets\/2023\/02\/ILGA-Asia_Mami-Rully-1536x1050.jpg 1536w\" sizes=\"auto, (max-width: 1600px) 100vw, 1600px\" \/><figcaption id=\"caption-attachment-19924\" class=\"wp-caption-text\">Mami Rully partage la strat\u00e9gie de l&rsquo;ERAT en mati\u00e8re d&rsquo;engagement des groupes religieux\/confessionnels<\/figcaption><\/figure>\n<p style=\"text-align: justify;\">Ce qui est assez impressionnant, c&rsquo;est le processus d&rsquo;interaction avec de nombreuses organisations et agences donatrices, qui mettent en \u0153uvre des programmes soutenant l&rsquo;existence des groupes queer\/LGBTI+ \u00e0 travers diverses questions. Certains aspects de l&rsquo;intersectionnalit\u00e9 s&rsquo;influencent grandement les uns les autres, d&rsquo;autant plus que chaque pays a des contextes culturels et des situations politiques diff\u00e9rents et pr\u00e9sente des niveaux de d\u00e9fis diff\u00e9rents.<\/p>\n<blockquote>\n<p style=\"text-align: justify;\"><em>Apr\u00e8s avoir particip\u00e9 \u00e0 la conf\u00e9rence de l&rsquo;ILGA Asie, j&rsquo;esp\u00e8re qu&rsquo;il y aura davantage de coop\u00e9ration dans le domaine du renforcement des capacit\u00e9s et de l&rsquo;apprentissage commun des processus mis en \u0153uvre dans les strat\u00e9gies et les programmes de soutien aux groupes homosexuels, en particulier sur la question des personnes \u00e2g\u00e9es transgenres, afin que nous puissions parvenir \u00e0 l&rsquo;\u00e9quit\u00e9 et \u00e0 l&rsquo;\u00e9galit\u00e9 en termes de justice sociale. Les \u00e9tudes et recherches comparatives impliquant davantage de communaut\u00e9s sont \u00e9galement importantes. J&rsquo;esp\u00e8re \u00e9galement que l&rsquo;ILGA jouera un r\u00f4le plus important dans l&rsquo;\u00e9tablissement de liens entre les probl\u00e8mes des communaut\u00e9s et les organismes donateurs <strong>&#8211; <\/strong>Mami Rully, Senior Support Center, Indon\u00e9sie<\/em><\/p>\n<\/blockquote>\n<figure id=\"attachment_19927\" aria-describedby=\"caption-attachment-19927\" style=\"width: 958px\" class=\"wp-caption aligncenter\"><img loading=\"lazy\" decoding=\"async\" class=\"size-full wp-image-19927\" src=\"https:\/\/voice.global\/assets\/2023\/02\/ILGA-Asia_Mami-Rully-with-Participants.jpg\" alt=\"\" width=\"958\" height=\"1280\" srcset=\"https:\/\/voice.global\/assets\/2023\/02\/ILGA-Asia_Mami-Rully-with-Participants.jpg 958w, https:\/\/voice.global\/assets\/2023\/02\/ILGA-Asia_Mami-Rully-with-Participants-225x300.jpg 225w, https:\/\/voice.global\/assets\/2023\/02\/ILGA-Asia_Mami-Rully-with-Participants-766x1024.jpg 766w, https:\/\/voice.global\/assets\/2023\/02\/ILGA-Asia_Mami-Rully-with-Participants-768x1026.jpg 768w\" sizes=\"auto, (max-width: 958px) 100vw, 958px\" \/><figcaption id=\"caption-attachment-19927\" class=\"wp-caption-text\">Une s\u00e9ance de photos avec Mami Rully !<\/figcaption><\/figure>\n<p style=\"text-align: justify;\">Je suis tr\u00e8s satisfaite et reconnaissante d&rsquo;avoir pu partager la situation des LGBTQIA+ de Mindanao gr\u00e2ce \u00e0 la plateforme fournie par Voice lors de la conf\u00e9rence de l&rsquo;ILGA en Asie. La session en petits groupes m&rsquo;a \u00e9galement permis de conna\u00eetre le contexte sp\u00e9cifique de mes coll\u00e8gues b\u00e9n\u00e9ficiaires et les strat\u00e9gies qu&rsquo;ils ont employ\u00e9es pour r\u00e9pondre \u00e0 l&rsquo;impact de la foi et de la culture sur notre communaut\u00e9. J&rsquo;ai \u00e9galement essay\u00e9 d&rsquo;assister \u00e0 autant de pr\u00e9-conf\u00e9rences et de sessions en petits groupes que possible pour m&rsquo;inspirer d&rsquo;autres organisations.<\/p>\n<blockquote>\n<p style=\"text-align: justify;\"><em>Au cours des conversations que j&rsquo;ai eues avec les d\u00e9fenseurs des droits de l&rsquo;homme, nous sommes tous d&rsquo;accord sur la n\u00e9cessit\u00e9 de forger des partenariats, de construire une structure intersectionnelle et d&rsquo;\u00e9puiser tous les espaces d&rsquo;inclusion. Le th\u00e8me de la conf\u00e9rence a \u00e9galement beaucoup r\u00e9sonn\u00e9 en moi. Je partagerai ces le\u00e7ons avec mes coll\u00e8gues Gladders et mes amis et je verrai comment nous pourrons contribuer et coproduire davantage d&rsquo;initiatives en r\u00e9ponse \u00e0 ces besoins. RJ Neyra, IMGLAD, Philippines<\/em><\/p>\n<\/blockquote>\n<figure id=\"attachment_19930\" aria-describedby=\"caption-attachment-19930\" style=\"width: 1600px\" class=\"wp-caption aligncenter\"><img loading=\"lazy\" decoding=\"async\" class=\"size-full wp-image-19930\" src=\"https:\/\/voice.global\/assets\/2023\/02\/ILGA-Asia_RJ-IMGLAD-A.jpg\" alt=\"\" width=\"1600\" height=\"1200\" srcset=\"https:\/\/voice.global\/assets\/2023\/02\/ILGA-Asia_RJ-IMGLAD-A.jpg 1600w, https:\/\/voice.global\/assets\/2023\/02\/ILGA-Asia_RJ-IMGLAD-A-300x225.jpg 300w, https:\/\/voice.global\/assets\/2023\/02\/ILGA-Asia_RJ-IMGLAD-A-1024x768.jpg 1024w, https:\/\/voice.global\/assets\/2023\/02\/ILGA-Asia_RJ-IMGLAD-A-768x576.jpg 768w, https:\/\/voice.global\/assets\/2023\/02\/ILGA-Asia_RJ-IMGLAD-A-1536x1152.jpg 1536w\" sizes=\"auto, (max-width: 1600px) 100vw, 1600px\" \/><figcaption id=\"caption-attachment-19930\" class=\"wp-caption-text\">RJ de l&rsquo;IMGLAD parle de la situation de ses trois personnes LGBTI \u00e0 Mindanao<\/figcaption><\/figure>\n<p style=\"text-align: justify;\">Je suis honor\u00e9e d&rsquo;avoir particip\u00e9 \u00e0 cette merveilleuse conf\u00e9rence de l&rsquo;ILGA, o\u00f9 j&rsquo;ai eu l&rsquo;occasion de rencontrer, de me connecter, de partager et d&rsquo;\u00e9changer avec de nombreux activistes et OSC LGBTQI de tous les pays d&rsquo;Asie. J&rsquo;ai appris de nombreux militants leurs approches cr\u00e9atives et leurs campagnes utilisant les arts, les m\u00e9dias sociaux et les plateformes num\u00e9riques pour amplifier leurs voix et d\u00e9fendre l&rsquo;\u00e9galit\u00e9 des droits, la protection juridique et l&rsquo;inclusion sociale pour la communaut\u00e9 LGBTQI. J&rsquo;ai \u00e9t\u00e9 tr\u00e8s inspir\u00e9e par tant de belles histoires qui m&rsquo;ont touch\u00e9e, par les d\u00e9fis auxquels la communaut\u00e9 est confront\u00e9e et par le r\u00eave et l&rsquo;espoir pour lesquels les communaut\u00e9s se battent. Cet espace contribue \u00e0 renforcer notre partenariat strat\u00e9gique pour promouvoir les approches intersectionnelles dans l&rsquo;octroi de subventions et l&rsquo;inclusion des LGBTQI au niveau national et r\u00e9gional.<\/p>\n<blockquote>\n<p style=\"text-align: justify;\">Le voyage a \u00e9t\u00e9 long, mais nous avan\u00e7ons ; m\u00eame si c&rsquo;est une marche lente, nous y arriverons\u00a0\u00bb, a d\u00e9clar\u00e9 l&rsquo;un des militants cambodgiens.\u00a0 Il est important d&rsquo;\u00eatre solidaires, de nouer des relations et de travailler en r\u00e9seau, en particulier de faire confiance \u00e0 tous les r\u00e9seaux d&rsquo;organisations de la soci\u00e9t\u00e9 civile et de mobiliser les ressources des donateurs pour atteindre l&rsquo;objectif commun d&rsquo;acceptation et de l\u00e9galisation du mariage homosexuel. &#8211; Sokha Srey, sp\u00e9cialiste des partenariats et des subventions, Voice au Cambodge<\/p>\n<\/blockquote>\n<figure id=\"attachment_19933\" aria-describedby=\"caption-attachment-19933\" style=\"width: 1600px\" class=\"wp-caption aligncenter\"><img loading=\"lazy\" decoding=\"async\" class=\"size-full wp-image-19933\" src=\"https:\/\/voice.global\/assets\/2023\/02\/ILGA-Asia_Olam-CHIAS.jpg\" alt=\"\" width=\"1600\" height=\"1200\" srcset=\"https:\/\/voice.global\/assets\/2023\/02\/ILGA-Asia_Olam-CHIAS.jpg 1600w, https:\/\/voice.global\/assets\/2023\/02\/ILGA-Asia_Olam-CHIAS-300x225.jpg 300w, https:\/\/voice.global\/assets\/2023\/02\/ILGA-Asia_Olam-CHIAS-1024x768.jpg 1024w, https:\/\/voice.global\/assets\/2023\/02\/ILGA-Asia_Olam-CHIAS-768x576.jpg 768w, https:\/\/voice.global\/assets\/2023\/02\/ILGA-Asia_Olam-CHIAS-1536x1152.jpg 1536w\" sizes=\"auto, (max-width: 1600px) 100vw, 1600px\" \/><figcaption id=\"caption-attachment-19933\" class=\"wp-caption-text\">lam de CHIAS partage ses histoires, ses exp\u00e9riences et ses succ\u00e8s dans la cr\u00e9ation d&rsquo;espaces de travail inclusifs<\/figcaption><\/figure>\n<blockquote>\n<p style=\"text-align: justify;\"><em>C&rsquo;est la premi\u00e8re fois que je participe \u00e0 la conf\u00e9rence de l&rsquo;ILGA. Je pense que j&rsquo;ai appris de nouveaux sujets sur les LGBTQI+, que nous devons r\u00e9fl\u00e9chir \u00e0 une opportunit\u00e9 potentielle de commencer \u00e0 mettre en \u0153uvre au Laos, par exemple l&rsquo;intersexualit\u00e9. J&rsquo;ai \u00e9tabli des liens plus \u00e9troits avec la communaut\u00e9 LGBTQI de la r\u00e9gion et j&rsquo;ai renforc\u00e9 ma capacit\u00e9 \u00e0 partager et \u00e0 m&rsquo;exprimer au nom de la communaut\u00e9 des femmes transgenres du Laos dans le cadre d&rsquo;un forum international <\/em>&#8211; Olam, CHIAS<\/p>\n<\/blockquote>\n<p style=\"text-align: justify;\"><em>L&rsquo;ILGA est une grande opportunit\u00e9 ; la chose la plus importante pour moi est de savoir \u00e0 quel point elle a \u00e9t\u00e9 riche en ressources individuelles et en tant que d\u00e9fenseur de l&rsquo;ensemble de ma communaut\u00e9. En m&rsquo;inscrivant au nom de SafeSpaceBTB, j&rsquo;ai pu \u00e9largir mes r\u00e9seaux, en apprendre davantage sur les droits de l&rsquo;homme dans d&rsquo;autres pays, sur la lutte pour l&rsquo;inclusion, sur les ressources, les d\u00e9fis et les cultures, et partager ce que j&rsquo;ai v\u00e9cu dans mon pays. En outre, j&rsquo;ai pu observer certaines des strat\u00e9gies les plus puissantes que les activistes asiatiques ont partag\u00e9es lors de la conf\u00e9rence. Apr\u00e8s avoir r\u00e9ussi \u00e0 les utiliser, elles pourraient constituer l&rsquo;approche que je retiendrai et que j&rsquo;appliquerai en tant que militante LGBTIQA+ au sein du mouvement cambodgien. SafeSpaceBTB est reconnaissant d&rsquo;avoir eu l&rsquo;occasion d&rsquo;apprendre des d\u00e9fenseurs strat\u00e9giques de toute l&rsquo;Asie, et les b\u00e9n\u00e9ficiaires de subventions et les militants continuent d&rsquo;\u00eatre une source d&rsquo;inspiration. Garder le contact avec de futures collaborations et inspirations potentielles. Je n&rsquo;oublierai jamais les beaux souvenirs que j&rsquo;ai cr\u00e9\u00e9s avec mon \u00e9quipe et la possibilit\u00e9 de rencontrer tant de nouvelles personnes pendant la conf\u00e9rence<\/em>\u00a0\u00bb &#8211; Thida Chhuon, SafeSpaceBTB<\/p>\n<blockquote>\n<p style=\"text-align: justify;\">\n<\/blockquote>\n<p style=\"text-align: justify;\"><em>Je me sens si curieuse lorsque j&rsquo;aide Mami Rully \u00e0 pr\u00e9parer la pr\u00e9sentation. J&rsquo;ai l&rsquo;impression de vouloir inclure beaucoup de choses et de notes dans la pr\u00e9sentation, qui, apr\u00e8s avoir \u00e9t\u00e9 pes\u00e9es, pourraient devenir trop compliqu\u00e9es et complexes. Mais apr\u00e8s avoir suivi le d\u00e9roulement de la conf\u00e9rence, il devient plus facile de la formuler plus clairement et plus simplement ; l&rsquo;essentiel est de partager des histoires et des efforts qui ont \u00e9t\u00e9 v\u00e9cus ensemble. Les rencontres avec des personnalit\u00e9s et des militants LBGTQ+ de diff\u00e9rents pays m&rsquo;ont vraiment impressionn\u00e9e. Il y a beaucoup de connaissances et d&rsquo;actions qui n&rsquo;avaient jamais \u00e9t\u00e9 imagin\u00e9es auparavant \u00e0 Jogja, mais en fait, elles ont \u00e9merg\u00e9 des histoires de coll\u00e8gues d&rsquo;autres pays. Il s&rsquo;agit d&rsquo;opportunit\u00e9s ou de d\u00e9fis qui vont au-del\u00e0 de ce que nous avons rencontr\u00e9 \u00e0 Jogja. Pour moi, c&rsquo;est tr\u00e8s important de conna\u00eetre et d&rsquo;avoir l&rsquo;exp\u00e9rience directe d&rsquo;autres coll\u00e8gues, y compris des coll\u00e8gues boursiers de Voice. Bien s\u00fbr, c&rsquo;est aussi ma premi\u00e8re occasion d&rsquo;interagir et d&rsquo;apprendre directement des coll\u00e8gues de Voice du Cambodge, des Philippines, du Laos et du Vietnam. &#8211; <\/em>Sapta, ERAT Indon\u00e9sie<\/p>\n<p style=\"text-align: justify;\"><em>\u00a0<\/em><\/p>\n<blockquote>\n<p style=\"text-align: justify;\"><em>Il est toujours passionnant de participer \u00e0 la pr\u00e9-facilitation avec nos partenaires b\u00e9n\u00e9ficiaires de subventions pour approfondir l&rsquo;accent mis par notre communaut\u00e9 sur la foi et la culture en tant que tremplins et obstacles \u00e0 la d\u00e9fense des droits des personnes LGBTQI+. En raison de la longueur et de l&rsquo;\u00e9loignement de notre travail de sensibilisation, de plaidoyer et d&rsquo;exp\u00e9riences de cr\u00e9ation, de soutien et d&rsquo;acceptation de r\u00e9cits diversifi\u00e9s et inclusifs dans les communaut\u00e9s, j&rsquo;ai d&rsquo;abord pens\u00e9 que c&rsquo;\u00e9tait trop lourd pour \u00eatre pr\u00e9sent\u00e9 en 10 minutes. C&rsquo;est la premi\u00e8re fois que l&rsquo;espace r\u00e9gional est partag\u00e9. Le pr\u00e9sentateur a dit. N\u00e9anmoins, nous avons continu\u00e9 \u00e0 nous engager et \u00e0 co-cr\u00e9er sur nos th\u00e8mes essentiels \u00e0 cibler, et la confiance augmente et ils pourraient y arriver <\/em>&#8211; Saophorn Phoeng, Charg\u00e9e de Lien, Apprentissage et Amplification au Cambodge.<\/p>\n<\/blockquote>\n<p><em>\u00ab\u00a0C&rsquo;est une toute nouvelle exp\u00e9rience d&rsquo;approfondissement des connaissances sur les LGBTQI+, car m\u00eame si je me suis identifi\u00e9e comme lesbienne, je ne me comprends pas compl\u00e8tement, mais gr\u00e2ce \u00e0 cet \u00e9v\u00e9nement, j&rsquo;ai pu me comprendre encore plus.\u00a0 En outre, j&rsquo;ai appris \u00e0 conna\u00eetre les moyens de subsistance des LGBTQI+ et ce qu&rsquo;ils ont v\u00e9cu, ainsi que leurs strat\u00e9gies pour surmonter ces probl\u00e8mes. Je suis motiv\u00e9e par les sujets abord\u00e9s par les pan\u00e9listes, car ces histoires sont nouvelles pour moi et je ne les ai jamais entendues\/exp\u00e9riment\u00e9es par moi-m\u00eame. En outre, cela \u00e9largit mon horizon sur l&rsquo;ampleur de la communaut\u00e9 LGBTQI+ dans le monde, et je suis impressionn\u00e9 par l&rsquo;organisation de l&rsquo;\u00e9v\u00e9nement, que je consid\u00e8re comme l&rsquo;un des meilleurs de ma vie.<\/em><\/p>\n<p><em>Ce qu&rsquo;il faut retenir, c&rsquo;est qu&rsquo;il faut entrer en contact avec les LGBTQI+ de la communaut\u00e9 pour les encourager \u00e0 apprendre et \u00e0 participer au mouvement pour l&rsquo;\u00e9galit\u00e9 et l&rsquo;inclusion. De plus, je vais appliquer les le\u00e7ons du mouvement LGBTQI+ que j&rsquo;ai apprises lors de cet \u00e9v\u00e9nement \u00e0 mon plan de travail ainsi qu&rsquo;\u00e0 l&rsquo;\u00e9change avec les partenaires au Laos ; m\u00eame si ce sujet n&rsquo;est pas encore tr\u00e8s ouvert, j&rsquo;aimerais au moins \u00eatre l&rsquo;une des forces \u00e0 l&rsquo;origine du d\u00e9veloppement de ce sujet. <\/em>&#8211; Vanna, Don&rsquo;t Stop Dream Team, Laos<\/p>\n<figure id=\"attachment_19939\" aria-describedby=\"caption-attachment-19939\" style=\"width: 225px\" class=\"wp-caption alignleft\"><img loading=\"lazy\" decoding=\"async\" class=\"wp-image-19939 size-medium\" src=\"https:\/\/voice.global\/assets\/2023\/02\/ILGA-Asia_Genica-Bucao-2-225x300.jpg\" alt=\"\" width=\"225\" height=\"300\" srcset=\"https:\/\/voice.global\/assets\/2023\/02\/ILGA-Asia_Genica-Bucao-2-225x300.jpg 225w, https:\/\/voice.global\/assets\/2023\/02\/ILGA-Asia_Genica-Bucao-2-768x1024.jpg 768w, https:\/\/voice.global\/assets\/2023\/02\/ILGA-Asia_Genica-Bucao-2-1152x1536.jpg 1152w, https:\/\/voice.global\/assets\/2023\/02\/ILGA-Asia_Genica-Bucao-2.jpg 1200w\" sizes=\"auto, (max-width: 225px) 100vw, 225px\" \/><figcaption id=\"caption-attachment-19939\" class=\"wp-caption-text\">Genica de l&rsquo;ASC a anim\u00e9 et tenu l&rsquo;espace avec les participants \u00e0 la session.<\/figcaption><\/figure>\n<figure id=\"attachment_19937\" aria-describedby=\"caption-attachment-19937\" style=\"width: 225px\" class=\"wp-caption alignright\"><img loading=\"lazy\" decoding=\"async\" class=\"wp-image-19937 size-medium\" src=\"https:\/\/voice.global\/assets\/2023\/02\/ILGA-Asia_Genica-Bucao-1-225x300.jpg\" alt=\"\" width=\"225\" height=\"300\" srcset=\"https:\/\/voice.global\/assets\/2023\/02\/ILGA-Asia_Genica-Bucao-1-225x300.jpg 225w, https:\/\/voice.global\/assets\/2023\/02\/ILGA-Asia_Genica-Bucao-1-766x1024.jpg 766w, https:\/\/voice.global\/assets\/2023\/02\/ILGA-Asia_Genica-Bucao-1-768x1026.jpg 768w, https:\/\/voice.global\/assets\/2023\/02\/ILGA-Asia_Genica-Bucao-1.jpg 958w\" sizes=\"auto, (max-width: 225px) 100vw, 225px\" \/><figcaption id=\"caption-attachment-19937\" class=\"wp-caption-text\">Genica de l&rsquo;ASC a anim\u00e9 et tenu l&rsquo;espace avec les participants \u00e0 la session.<\/figcaption><\/figure>\n<blockquote><p><em>La pr\u00e9paration de la conf\u00e9rence a \u00e9largi mes horizons parce que les sessions que j&rsquo;ai soutenues ont apport\u00e9 des d\u00e9fis uniques qui m&rsquo;ont fait sortir de ma zone de confort&#8230; J&rsquo;appr\u00e9cie vraiment d&rsquo;avoir \u00e9t\u00e9 expos\u00e9e aux initiatives du Dalit Queer Project, de l&rsquo;IMGLAD, de l&rsquo;ERAT, des CHIA, de LoveisDiversity et de Safe Space BTB parce que cela a amen\u00e9 des discussions sur la caste, la foi, la culture et les droits des LGBTIQ dans mon orbite de conscience, ce qui aidera \u00e0 am\u00e9liorer les lentilles avec lesquelles je vois mon activisme\u00a0\u00bb.<\/em><\/p>\n<p><em>\u00a0J&rsquo;ai toujours \u00e9t\u00e9 consciente de l&rsquo;existence de personnes et d&rsquo;alli\u00e9s LGBTI et sexosp\u00e9cifiques qui sont religieux ou spirituels, et je les ai toujours accept\u00e9s. Mais m\u00eame \u00e0 l&rsquo;\u00e9poque, je n&rsquo;avais jamais pens\u00e9 \u00e0 cr\u00e9er intentionnellement un espace pour marier les droits des LGBTI avec la religion et la foi, parce que je n&rsquo;en avais pas. Apr\u00e8s m&rsquo;\u00eatre immerg\u00e9e dans des conversations interconfessionnelles, je comprends maintenant l&rsquo;importance de favoriser les cercles queer o\u00f9 les gens peuvent pratiquer leur foi ou leur religion en toute s\u00e9curit\u00e9. Lorsque les groupes queer n&rsquo;offrent pas d&rsquo;espace pour cela, nous commettons une discrimination &#8211; la chose m\u00eame contre laquelle nous nous battons. En novembre dernier, Victor Madrigal-Borloz, l&rsquo;expert ind\u00e9pendant sur la protection contre la violence et la discrimination fond\u00e9es sur l&rsquo;orientation sexuelle et l&rsquo;identit\u00e9 de genre (SOGI), a lanc\u00e9 un appel \u00e0 contribution pour un rapport th\u00e9matique sur l&rsquo;exploration du droit \u00e0 la libert\u00e9 de religion ou de conviction (FoRB) en relation avec le SOGI. Je suis ravie de contribuer \u00e0 la soumission du Caucus SOGIE de l&rsquo;ANASE en me basant sur les connaissances que j&rsquo;ai acquises \u00e0 l&rsquo;ILGA Asie. &#8211; <\/em>Genica Bucao, Caucus SOGIE de l&rsquo;ANASE<\/p><\/blockquote>\n<p style=\"text-align: justify;\">C&rsquo;\u00e9tait la premi\u00e8re fois que Voice participait \u00e0 la conf\u00e9rence de l&rsquo;ILGA Asie, et nous sommes impatients d&rsquo;aller de l&rsquo;avant ! Cette conf\u00e9rence nous a permis de r\u00e9aliser qu&rsquo;il existe un espace et une opportunit\u00e9 bien plus vastes pour nous d&rsquo;\u00e9couter davantage, d&rsquo;apprendre davantage et de nous aligner sur ce qui nous fait prosp\u00e9rer en tant qu&rsquo;\u00eatres humains. Comme l&rsquo;ont dit nos conteurs et nos porte-parole, cette occasion nous a permis de travailler plus collectivement et de faire entendre les voix des communaut\u00e9s dans des espaces plus vastes. Ce fut un espace magnifique qui a fait ressortir la diversit\u00e9, la beaut\u00e9 et la force qu&rsquo;elle apporte. Nous sommes impatients de reprendre contact avec les personnes que nous avons rencontr\u00e9es de mani\u00e8re significative et de brasser avec elles des id\u00e9es d&rsquo;action collective. Sant\u00e9 \u00e0 la communaut\u00e9 arc-en-ciel, et sant\u00e9 \u00e0 la vie et \u00e0 l&rsquo;amour libres !<\/p>\n","protected":false},"excerpt":{"rendered":"<p>Arcs-en-ciel et couleurs dans la foi et la culture : C\u00e9l\u00e9bration des voix de la base au Cambodge, au Laos, en Indon\u00e9sie et aux Philippines Ecrit Par: Kayla del Mundo Lapiz\u00a0&#8211;\u00a0Charg\u00e9e de Lien, Apprentissage et Amplification aux Philippines Giany Amorita &#8211; Charg\u00e9e de Lien, Apprentissage et Amplification en Indonesie Saophorn Phoeng &#8211; Charg\u00e9e de Lien, [&hellip;]<\/p>\n","protected":false},"author":15,"featured_media":19913,"template":"","categories":[],"tags":[],"country-cat":[],"publisher":[62],"class_list":["post-20638","blog","type-blog","status-publish","has-post-thumbnail","hentry","publisher-voice"],"yoast_head":"<!-- This site is optimized with the Yoast SEO plugin v27.4 - https:\/\/yoast.com\/product\/yoast-seo-wordpress\/ -->\n<title>C\u00e9l\u00e9brer les voix de la base au Cambodge, au Laos, en Indon\u00e9sie et aux Philippines - Voice.Global<\/title>\n<meta name=\"robots\" content=\"index, follow, max-snippet:-1, max-image-preview:large, max-video-preview:-1\" \/>\n<link rel=\"canonical\" href=\"https:\/\/voice.global\/fr\/blog\/celebrer-les-voix-de-base\/\" \/>\n<meta property=\"og:locale\" content=\"fr_FR\" \/>\n<meta property=\"og:type\" content=\"article\" \/>\n<meta property=\"og:title\" content=\"C\u00e9l\u00e9brer les voix de la base au Cambodge, au Laos, en Indon\u00e9sie et aux Philippines - Voice.Global\" \/>\n<meta property=\"og:description\" content=\"Arcs-en-ciel et couleurs dans la foi et la culture : C\u00e9l\u00e9bration des voix de la base au Cambodge, au Laos, en Indon\u00e9sie et aux Philippines Ecrit Par: Kayla del Mundo Lapiz\u00a0&#8211;\u00a0Charg\u00e9e de Lien, Apprentissage et Amplification aux Philippines Giany Amorita &#8211; Charg\u00e9e de Lien, Apprentissage et Amplification en Indonesie Saophorn Phoeng &#8211; Charg\u00e9e de Lien, [&hellip;]\" \/>\n<meta property=\"og:url\" content=\"https:\/\/voice.global\/fr\/blog\/celebrer-les-voix-de-base\/\" \/>\n<meta property=\"og:site_name\" content=\"Voice.Global\" \/>\n<meta property=\"article:modified_time\" content=\"2023-05-10T12:00:42+00:00\" \/>\n<meta property=\"og:image\" content=\"https:\/\/voice.global\/assets\/2023\/02\/ILGA-Asia_Main-Conference-Session-B.jpg\" \/>\n\t<meta property=\"og:image:width\" content=\"1280\" \/>\n\t<meta property=\"og:image:height\" content=\"958\" \/>\n\t<meta property=\"og:image:type\" content=\"image\/jpeg\" \/>\n<meta name=\"twitter:card\" content=\"summary_large_image\" \/>\n<meta name=\"twitter:label1\" content=\"Dur\u00e9e de lecture estim\u00e9e\" \/>\n\t<meta name=\"twitter:data1\" content=\"14 minutes\" \/>\n<script type=\"application\/ld+json\" class=\"yoast-schema-graph\">{\"@context\":\"https:\\\/\\\/schema.org\",\"@graph\":[{\"@type\":\"WebPage\",\"@id\":\"https:\\\/\\\/voice.global\\\/fr\\\/blog\\\/celebrer-les-voix-de-base\\\/\",\"url\":\"https:\\\/\\\/voice.global\\\/fr\\\/blog\\\/celebrer-les-voix-de-base\\\/\",\"name\":\"C\u00e9l\u00e9brer les voix de la base au Cambodge, au Laos, en Indon\u00e9sie et aux Philippines - Voice.Global\",\"isPartOf\":{\"@id\":\"https:\\\/\\\/voice.global\\\/#website\"},\"primaryImageOfPage\":{\"@id\":\"https:\\\/\\\/voice.global\\\/fr\\\/blog\\\/celebrer-les-voix-de-base\\\/#primaryimage\"},\"image\":{\"@id\":\"https:\\\/\\\/voice.global\\\/fr\\\/blog\\\/celebrer-les-voix-de-base\\\/#primaryimage\"},\"thumbnailUrl\":\"https:\\\/\\\/voice.global\\\/assets\\\/2023\\\/02\\\/ILGA-Asia_Main-Conference-Session-B.jpg\",\"datePublished\":\"2023-05-10T11:58:33+00:00\",\"dateModified\":\"2023-05-10T12:00:42+00:00\",\"breadcrumb\":{\"@id\":\"https:\\\/\\\/voice.global\\\/fr\\\/blog\\\/celebrer-les-voix-de-base\\\/#breadcrumb\"},\"inLanguage\":\"fr-FR\",\"potentialAction\":[{\"@type\":\"ReadAction\",\"target\":[\"https:\\\/\\\/voice.global\\\/fr\\\/blog\\\/celebrer-les-voix-de-base\\\/\"]}]},{\"@type\":\"ImageObject\",\"inLanguage\":\"fr-FR\",\"@id\":\"https:\\\/\\\/voice.global\\\/fr\\\/blog\\\/celebrer-les-voix-de-base\\\/#primaryimage\",\"url\":\"https:\\\/\\\/voice.global\\\/assets\\\/2023\\\/02\\\/ILGA-Asia_Main-Conference-Session-B.jpg\",\"contentUrl\":\"https:\\\/\\\/voice.global\\\/assets\\\/2023\\\/02\\\/ILGA-Asia_Main-Conference-Session-B.jpg\",\"width\":1280,\"height\":958},{\"@type\":\"BreadcrumbList\",\"@id\":\"https:\\\/\\\/voice.global\\\/fr\\\/blog\\\/celebrer-les-voix-de-base\\\/#breadcrumb\",\"itemListElement\":[{\"@type\":\"ListItem\",\"position\":1,\"name\":\"Home\",\"item\":\"https:\\\/\\\/voice.global\\\/fr\\\/\"},{\"@type\":\"ListItem\",\"position\":2,\"name\":\"Blogs\",\"item\":\"https:\\\/\\\/voice.global\\\/blog\\\/\"},{\"@type\":\"ListItem\",\"position\":3,\"name\":\"C\u00e9l\u00e9brer les voix de la base au Cambodge, au Laos, en Indon\u00e9sie et aux Philippines\"}]},{\"@type\":\"WebSite\",\"@id\":\"https:\\\/\\\/voice.global\\\/#website\",\"url\":\"https:\\\/\\\/voice.global\\\/\",\"name\":\"Voice.Global\",\"description\":\"Include - Innovate - Influence\",\"potentialAction\":[{\"@type\":\"SearchAction\",\"target\":{\"@type\":\"EntryPoint\",\"urlTemplate\":\"https:\\\/\\\/voice.global\\\/?s={search_term_string}\"},\"query-input\":{\"@type\":\"PropertyValueSpecification\",\"valueRequired\":true,\"valueName\":\"search_term_string\"}}],\"inLanguage\":\"fr-FR\"}]}<\/script>\n<!-- \/ Yoast SEO plugin. -->","yoast_head_json":{"title":"C\u00e9l\u00e9brer les voix de la base au Cambodge, au Laos, en Indon\u00e9sie et aux Philippines - Voice.Global","robots":{"index":"index","follow":"follow","max-snippet":"max-snippet:-1","max-image-preview":"max-image-preview:large","max-video-preview":"max-video-preview:-1"},"canonical":"https:\/\/voice.global\/fr\/blog\/celebrer-les-voix-de-base\/","og_locale":"fr_FR","og_type":"article","og_title":"C\u00e9l\u00e9brer les voix de la base au Cambodge, au Laos, en Indon\u00e9sie et aux Philippines - Voice.Global","og_description":"Arcs-en-ciel et couleurs dans la foi et la culture : C\u00e9l\u00e9bration des voix de la base au Cambodge, au Laos, en Indon\u00e9sie et aux Philippines Ecrit Par: Kayla del Mundo Lapiz\u00a0&#8211;\u00a0Charg\u00e9e de Lien, Apprentissage et Amplification aux Philippines Giany Amorita &#8211; Charg\u00e9e de Lien, Apprentissage et Amplification en Indonesie Saophorn Phoeng &#8211; Charg\u00e9e de Lien, [&hellip;]","og_url":"https:\/\/voice.global\/fr\/blog\/celebrer-les-voix-de-base\/","og_site_name":"Voice.Global","article_modified_time":"2023-05-10T12:00:42+00:00","og_image":[{"width":1280,"height":958,"url":"https:\/\/voice.global\/assets\/2023\/02\/ILGA-Asia_Main-Conference-Session-B.jpg","type":"image\/jpeg"}],"twitter_card":"summary_large_image","twitter_misc":{"Dur\u00e9e de lecture estim\u00e9e":"14 minutes"},"schema":{"@context":"https:\/\/schema.org","@graph":[{"@type":"WebPage","@id":"https:\/\/voice.global\/fr\/blog\/celebrer-les-voix-de-base\/","url":"https:\/\/voice.global\/fr\/blog\/celebrer-les-voix-de-base\/","name":"C\u00e9l\u00e9brer les voix de la base au Cambodge, au Laos, en Indon\u00e9sie et aux Philippines - Voice.Global","isPartOf":{"@id":"https:\/\/voice.global\/#website"},"primaryImageOfPage":{"@id":"https:\/\/voice.global\/fr\/blog\/celebrer-les-voix-de-base\/#primaryimage"},"image":{"@id":"https:\/\/voice.global\/fr\/blog\/celebrer-les-voix-de-base\/#primaryimage"},"thumbnailUrl":"https:\/\/voice.global\/assets\/2023\/02\/ILGA-Asia_Main-Conference-Session-B.jpg","datePublished":"2023-05-10T11:58:33+00:00","dateModified":"2023-05-10T12:00:42+00:00","breadcrumb":{"@id":"https:\/\/voice.global\/fr\/blog\/celebrer-les-voix-de-base\/#breadcrumb"},"inLanguage":"fr-FR","potentialAction":[{"@type":"ReadAction","target":["https:\/\/voice.global\/fr\/blog\/celebrer-les-voix-de-base\/"]}]},{"@type":"ImageObject","inLanguage":"fr-FR","@id":"https:\/\/voice.global\/fr\/blog\/celebrer-les-voix-de-base\/#primaryimage","url":"https:\/\/voice.global\/assets\/2023\/02\/ILGA-Asia_Main-Conference-Session-B.jpg","contentUrl":"https:\/\/voice.global\/assets\/2023\/02\/ILGA-Asia_Main-Conference-Session-B.jpg","width":1280,"height":958},{"@type":"BreadcrumbList","@id":"https:\/\/voice.global\/fr\/blog\/celebrer-les-voix-de-base\/#breadcrumb","itemListElement":[{"@type":"ListItem","position":1,"name":"Home","item":"https:\/\/voice.global\/fr\/"},{"@type":"ListItem","position":2,"name":"Blogs","item":"https:\/\/voice.global\/blog\/"},{"@type":"ListItem","position":3,"name":"C\u00e9l\u00e9brer les voix de la base au Cambodge, au Laos, en Indon\u00e9sie et aux Philippines"}]},{"@type":"WebSite","@id":"https:\/\/voice.global\/#website","url":"https:\/\/voice.global\/","name":"Voice.Global","description":"Include - Innovate - Influence","potentialAction":[{"@type":"SearchAction","target":{"@type":"EntryPoint","urlTemplate":"https:\/\/voice.global\/?s={search_term_string}"},"query-input":{"@type":"PropertyValueSpecification","valueRequired":true,"valueName":"search_term_string"}}],"inLanguage":"fr-FR"}]}},"thumbnail_src":"https:\/\/voice.global\/assets\/2023\/02\/ILGA-Asia_Main-Conference-Session-B.jpg","_links":{"self":[{"href":"https:\/\/voice.global\/fr\/wp-json\/wp\/v2\/blog\/20638","targetHints":{"allow":["GET"]}}],"collection":[{"href":"https:\/\/voice.global\/fr\/wp-json\/wp\/v2\/blog"}],"about":[{"href":"https:\/\/voice.global\/fr\/wp-json\/wp\/v2\/types\/blog"}],"author":[{"embeddable":true,"href":"https:\/\/voice.global\/fr\/wp-json\/wp\/v2\/users\/15"}],"version-history":[{"count":6,"href":"https:\/\/voice.global\/fr\/wp-json\/wp\/v2\/blog\/20638\/revisions"}],"predecessor-version":[{"id":20644,"href":"https:\/\/voice.global\/fr\/wp-json\/wp\/v2\/blog\/20638\/revisions\/20644"}],"wp:featuredmedia":[{"embeddable":true,"href":"https:\/\/voice.global\/fr\/wp-json\/wp\/v2\/media\/19913"}],"wp:attachment":[{"href":"https:\/\/voice.global\/fr\/wp-json\/wp\/v2\/media?parent=20638"}],"wp:term":[{"taxonomy":"category","embeddable":true,"href":"https:\/\/voice.global\/fr\/wp-json\/wp\/v2\/categories?post=20638"},{"taxonomy":"post_tag","embeddable":true,"href":"https:\/\/voice.global\/fr\/wp-json\/wp\/v2\/tags?post=20638"},{"taxonomy":"country-cat","embeddable":true,"href":"https:\/\/voice.global\/fr\/wp-json\/wp\/v2\/country-cat?post=20638"},{"taxonomy":"publisher","embeddable":true,"href":"https:\/\/voice.global\/fr\/wp-json\/wp\/v2\/publisher?post=20638"}],"curies":[{"name":"wp","href":"https:\/\/api.w.org\/{rel}","templated":true}]}}