{"id":20626,"date":"2023-05-05T13:16:54","date_gmt":"2023-05-05T11:16:54","guid":{"rendered":"https:\/\/voice.global\/?post_type=blog&#038;p=20626"},"modified":"2023-05-05T13:16:54","modified_gmt":"2023-05-05T11:16:54","slug":"revendiquer-notre-espace","status":"publish","type":"blog","link":"https:\/\/voice.global\/fr\/blog\/revendiquer-notre-espace\/","title":{"rendered":"Revendiquer notre espace ! Nous avons notre place!"},"content":{"rendered":"\r\n\r\n\r\n<p class=\"has-text-align-center\" style=\"text-align: justify;\"><em>J&rsquo;ai \u00e9t\u00e9 victime de discrimination d\u00e8s l&rsquo;enfance. Les villageois m&rsquo;appelaient par des noms d\u00e9gradants.\u00a0 Les enfants ne voulaient pas me fr\u00e9quenter ; c&rsquo;est parce que j&rsquo;avais des parents aimants qui ont n\u00e9goci\u00e9 pour que je m&rsquo;assoie \u00e0 l&rsquo;avant de la classe que j&rsquo;ai pu \u00e9tudier.\u00a0 M\u00eame dans ma vie d&rsquo;adulte, cette discrimination persiste, j&rsquo;ai eu du mal \u00e0 trouver un emploi et plus tard, lorsque j&rsquo;ai postul\u00e9 pour une promotion en tant qu&rsquo;assistant d&rsquo;\u00e9ducation, j&rsquo;ai appris que je n&rsquo;\u00e9tais pas pris en compte pour le poste \u00e0 cause de mon albinisme <\/em>\u00ab\u00a0.<\/p>\r\n\r\n\r\n\r\n<figure class=\"wp-block-image\"><img loading=\"lazy\" decoding=\"async\" width=\"1024\" height=\"683\" class=\"wp-image-6664\" src=\"https:\/\/voice.global\/assets\/2019\/06\/D7E8uYiXoAE-iDH-1024x683.jpg\" alt=\"\" srcset=\"https:\/\/voice.global\/assets\/2019\/06\/D7E8uYiXoAE-iDH-1024x683.jpg 1024w, https:\/\/voice.global\/assets\/2019\/06\/D7E8uYiXoAE-iDH-300x200.jpg 300w, https:\/\/voice.global\/assets\/2019\/06\/D7E8uYiXoAE-iDH-768x512.jpg 768w, https:\/\/voice.global\/assets\/2019\/06\/D7E8uYiXoAE-iDH.jpg 2048w\" sizes=\"auto, (max-width: 1024px) 100vw, 1024px\" \/>\r\n<figcaption>partage son histoire lors d&rsquo;une table ronde<\/figcaption>\r\n<\/figure>\r\n\r\n\r\n\r\n<p>Que <strong>faites-vous <\/strong>pour que la voix de chacun soit entendue et fasse partie de la conversation ? La diversit\u00e9 parmi nous est la seule chose qui nous rend uniques et qui garantit que la soci\u00e9t\u00e9 est un meilleur endroit pour tous. La promotion de la diversit\u00e9, en particulier par et pour les personnes atteintes d&rsquo;albinisme, est au c\u0153ur du travail d&rsquo;Albinism Umbrella, <a href=\"https:\/\/voice.global\/grantees\/profiling-people-with-albinism\/\">partenaire d\u2019Innovation et Apprentissage<\/a> en Ouganda.<\/p>\r\n<p>Le 21<sup>st<\/sup> mai 2019, leur directrice, Olive Namutebi, -une femme atteinte d&rsquo;albinisme elle-m\u00eame- a lanc\u00e9 le premier rapport du genre intitul\u00e9 <strong>Spatial mapping and profiling of persons with albinism in East Uganda<\/strong>. Ce rapport novateur traite de la perception de l&rsquo;albinisme par la communaut\u00e9 et propose une base de donn\u00e9es sur les personnes atteintes d&rsquo;albinisme et les organisations qui leur viennent en aide dans 10 districts s\u00e9lectionn\u00e9s en Ouganda.<\/p>\r\n\r\n\r\n\r\n<div class=\"wp-block-media-text alignwide\" style=\"grid-template-columns: 53% auto;\">\r\n<figure class=\"wp-block-media-text__media\">\r\n<figure id=\"attachment_6666\" aria-describedby=\"caption-attachment-6666\" style=\"width: 1024px\" class=\"wp-caption alignnone\"><img loading=\"lazy\" decoding=\"async\" class=\"wp-image-6666\" src=\"https:\/\/voice.global\/assets\/2019\/06\/D7Esl7sWsAEE61l-1024x683.jpg\" alt=\"Olive Namutebi shares her story\" width=\"1024\" height=\"683\" srcset=\"https:\/\/voice.global\/assets\/2019\/06\/D7Esl7sWsAEE61l-1024x683.jpg 1024w, https:\/\/voice.global\/assets\/2019\/06\/D7Esl7sWsAEE61l-300x200.jpg 300w, https:\/\/voice.global\/assets\/2019\/06\/D7Esl7sWsAEE61l-768x512.jpg 768w, https:\/\/voice.global\/assets\/2019\/06\/D7Esl7sWsAEE61l.jpg 2048w\" sizes=\"auto, (max-width: 1024px) 100vw, 1024px\" \/><figcaption id=\"caption-attachment-6666\" class=\"wp-caption-text\">Olive Namutebi partage son histoire<\/figcaption><\/figure>\r\n<\/figure>\r\n<div class=\"wp-block-media-text__content\">\r\n<p>M\u00eame s&rsquo;il est n\u00e9cessaire de dresser une carte des personnes atteintes d&rsquo;albinisme \u00e0 l&rsquo;\u00e9chelle nationale, certains r\u00e9sultats sont d\u00e9j\u00e0 surprenants. Saviez-vous par exemple que pr\u00e8s de 70 % des personnes atteintes d&rsquo;albinisme ne connaissent pas la cause de leur maladie ? Et que le principal moyen de la pr\u00e9venir est l&rsquo;utilisation d&rsquo;une cr\u00e8me solaire, qui n&rsquo;est accessible qu&rsquo;\u00e0 11 % d&rsquo;entre elles ?<\/p>\r\n<\/div>\r\n<\/div>\r\n\r\n\r\n\r\n<blockquote class=\"wp-block-quote has-text-align-center is-style-large is-layout-flow wp-block-quote-is-layout-flow\">\r\n<p><em>76% des PWA ne savent pas ce qui cause le cancer de la peau et comment le pr\u00e9venir<\/em><\/p>\r\n<\/blockquote>\r\n\r\n\r\n\r\n<p style=\"text-align: justify;\">Ce sont l\u00e0 quelques-uns des tristes r\u00e9sultats pr\u00e9sent\u00e9s par M. Arthur Bagonza, qui a particip\u00e9 aux recherches et \u00e0 la r\u00e9daction du rapport. La relation entre la pauvret\u00e9 et l&rsquo;albinisme est tout aussi frustrante : la plupart des m\u00e8res d&rsquo;enfants atteints d&rsquo;albinisme ne peuvent pas travailler car elles prot\u00e8gent leurs enfants contre tout ce que les membres de la communaut\u00e9 pourraient leur faire subir. Par cons\u00e9quent, les taux de pauvret\u00e9 sont plus \u00e9lev\u00e9s dans les familles ayant des enfants atteints d&rsquo;albinisme. Cette situation a un impact sur la baisse de la fr\u00e9quentation scolaire des enfants albinos, car ils ne peuvent pas payer les frais de scolarit\u00e9, craignent les brimades, craignent pour leur vie et ont une mauvaise vue. S&rsquo;il est presque impossible de trouver un emploi d\u00e9cent quand on a abandonn\u00e9 l&rsquo;\u00e9cole, l&rsquo;exp\u00e9rience de Philip Makasi &#8211; la citation de d\u00e9part &#8211; montre que c&rsquo;est encore plus difficile pour les personnes atteintes d&rsquo;albinisme. Et donc la pauvret\u00e9 est transmise \u00e0 la g\u00e9n\u00e9ration suivante.\u00a0<\/p>\r\n\r\n\r\n\r\n<figure class=\"wp-block-image\"><img loading=\"lazy\" decoding=\"async\" width=\"1024\" height=\"683\" class=\"wp-image-6668\" src=\"https:\/\/voice.global\/assets\/2019\/06\/IMG-20190521-WA0057-1-1024x683.jpg\" alt=\"\" srcset=\"https:\/\/voice.global\/assets\/2019\/06\/IMG-20190521-WA0057-1-1024x683.jpg 1024w, https:\/\/voice.global\/assets\/2019\/06\/IMG-20190521-WA0057-1-300x200.jpg 300w, https:\/\/voice.global\/assets\/2019\/06\/IMG-20190521-WA0057-1-768x512.jpg 768w, https:\/\/voice.global\/assets\/2019\/06\/IMG-20190521-WA0057-1.jpg 1080w\" sizes=\"auto, (max-width: 1024px) 100vw, 1024px\" \/>\r\n<figcaption>\r\n<p>Le commissaire, MoGLSD et Olive Namutebi lancent le rapport.<\/p>\r\n<\/figcaption>\r\n<\/figure>\r\n\r\n\r\n\r\n<p style=\"text-align: justify;\">Ce rapport ne pouvait pas mieux tomber car les cas de discrimination et de violence sont toujours une r\u00e9alit\u00e9 v\u00e9cue par les personnes atteintes d&rsquo;albinisme. L&rsquo;albinisme est une maladie courante en Ouganda, caract\u00e9ris\u00e9e par un manque de m\u00e9lanine qui expose les personnes atteintes d&rsquo;albinisme \u00e0 un risque \u00e9lev\u00e9 de d\u00e9velopper un cancer de la peau lorsqu&rsquo;elles sont expos\u00e9es au soleil. En plus des d\u00e9fis d\u00e9j\u00e0 mentionn\u00e9s, les personnes atteintes d&rsquo;albinisme ont un acc\u00e8s limit\u00e9 aux services juridiques, des mythes et des id\u00e9es fausses sur leur existence, ce qui entra\u00eene la stigmatisation, l&rsquo;enl\u00e8vement et les tentatives de capture pour des sacrifices rituels en \u00e9change de b\u00e9n\u00e9dictions et de richesses.<\/p>\r\n<p style=\"text-align: justify;\">Malheureusement, les politiques et programmes gouvernementaux existants, tels que Vision 2040, le Plan de d\u00e9veloppement national II et la Politique nationale en faveur des OEV, ne les consid\u00e8rent pas comme des personnes vuln\u00e9rables. La documentation insuffisante et fragment\u00e9e, la faiblesse des politiques existantes ainsi que la stigmatisation des personnes et des m\u00e9nages atteints d&rsquo;albinisme par la communaut\u00e9 ont emp\u00each\u00e9 de nombreuses personnes d&rsquo;avoir acc\u00e8s aux interventions de base pour la survie et le d\u00e9veloppement.<\/p>\r\n<p style=\"text-align: justify;\">Un nombre impressionnant de dignitaires ont \u00e9cout\u00e9 ce triste \u00e9tat de fait, tels que M. Bernard Mujuni, Commissaire \u00e0 l&rsquo;\u00e9quit\u00e9 et aux droits, au sein du minist\u00e8re du Genre, du Travail et du D\u00e9veloppement social, M. Anatoli Mulekerwa, le commissaire de police adjoint, l&rsquo;honorable Safia Nalule qui repr\u00e9sente la femme parlementaire nationale pour les personnes handicap\u00e9es au Parlement et le commissaire de district de Sironko. Dans son expos\u00e9, ce dernier a d\u00e9clar\u00e9 : \u00ab\u00a0<em>Pour \u00eatre honn\u00eate, je ne leur ai jamais pr\u00eat\u00e9 attention auparavant. Maintenant, je sais qu&rsquo;il y a environ 50 personnes atteintes d&rsquo;albinisme dans mon district. Nous avons le Fonds d&rsquo;action sociale du Nord de l&rsquo;Ouganda qui devrait pouvoir les soutenir<\/em>.\u00a0\u00bb Dans ses remarques, M. Mujuni a affirm\u00e9 que l&rsquo;\u00e9tude sera utile pour d\u00e9terminer o\u00f9 le minist\u00e8re doit prendre des mesures positives pour am\u00e9liorer le bien-\u00eatre des personnes atteintes d&rsquo;albinisme. Le d\u00e9put\u00e9 Nalule est all\u00e9 encore plus loin en demandant que le rapport soit \u00e0 la base d&rsquo;un projet de loi sp\u00e9cial pour les personnes atteintes d&rsquo;albinisme, en raison des d\u00e9fis qui leur sont propres.\u00a0 Et M. Mulekerwa s&rsquo;est engag\u00e9 \u00e0 sensibiliser davantage les responsables de la police pour assurer la protection des personnes atteintes d&rsquo;albinisme dans le pays.<\/p>\r\n\r\n\r\n\r\n<figure class=\"wp-block-image\">\r\n<figure id=\"attachment_6670\" aria-describedby=\"caption-attachment-6670\" style=\"width: 1024px\" class=\"wp-caption alignnone\"><img loading=\"lazy\" decoding=\"async\" class=\"wp-image-6670\" src=\"https:\/\/voice.global\/assets\/2019\/06\/IMG-20190521-WA0056-1024x683.jpg\" alt=\"\" width=\"1024\" height=\"683\" srcset=\"https:\/\/voice.global\/assets\/2019\/06\/IMG-20190521-WA0056-1024x683.jpg 1024w, https:\/\/voice.global\/assets\/2019\/06\/IMG-20190521-WA0056-300x200.jpg 300w, https:\/\/voice.global\/assets\/2019\/06\/IMG-20190521-WA0056-768x512.jpg 768w, https:\/\/voice.global\/assets\/2019\/06\/IMG-20190521-WA0056.jpg 1080w\" sizes=\"auto, (max-width: 1024px) 100vw, 1024px\" \/><figcaption id=\"caption-attachment-6670\" class=\"wp-caption-text\">Les principales parties prenantes posent pour une photo de groupe<\/figcaption><\/figure>\r\n<\/figure>\r\n\r\n\r\n\r\n<p>Une liste impressionnante d&rsquo;engagements qui n\u00e9cessitent un suivi diligent de la part de tous. En bref, gr\u00e2ce \u00e0 un excellent rapport, Albinism Umbrella a d\u00e9j\u00e0 revendiqu\u00e9 l&rsquo;espace pour assurer notre place \u00e0 tous.<\/p>\r\n<p>Nous tenons \u00e0 remercier Albinism Umbrella pour ses efforts de sensibilisation des personnes atteintes d&rsquo;albinisme en Ouganda !<\/p>\r\n","protected":false},"excerpt":{"rendered":"<p>J&rsquo;ai \u00e9t\u00e9 victime de discrimination d\u00e8s l&rsquo;enfance. Les villageois m&rsquo;appelaient par des noms d\u00e9gradants.\u00a0 Les enfants ne voulaient pas me fr\u00e9quenter ; c&rsquo;est parce que j&rsquo;avais des parents aimants qui ont n\u00e9goci\u00e9 pour que je m&rsquo;assoie \u00e0 l&rsquo;avant de la classe que j&rsquo;ai pu \u00e9tudier.\u00a0 M\u00eame dans ma vie d&rsquo;adulte, cette discrimination persiste, j&rsquo;ai eu [&hellip;]<\/p>\n","protected":false},"author":15,"featured_media":6673,"template":"","categories":[],"tags":[],"country-cat":[],"publisher":[],"class_list":["post-20626","blog","type-blog","status-publish","has-post-thumbnail","hentry"],"yoast_head":"<!-- This site is optimized with the Yoast SEO plugin v27.4 - https:\/\/yoast.com\/product\/yoast-seo-wordpress\/ -->\n<title>Revendiquer notre espace ! Nous avons notre place! - Voice.Global<\/title>\n<meta name=\"robots\" content=\"index, follow, max-snippet:-1, max-image-preview:large, max-video-preview:-1\" \/>\n<link rel=\"canonical\" href=\"https:\/\/voice.global\/fr\/blog\/revendiquer-notre-espace\/\" \/>\n<meta property=\"og:locale\" content=\"fr_FR\" \/>\n<meta property=\"og:type\" content=\"article\" \/>\n<meta property=\"og:title\" content=\"Revendiquer notre espace ! Nous avons notre place! - Voice.Global\" \/>\n<meta property=\"og:description\" content=\"J&rsquo;ai \u00e9t\u00e9 victime de discrimination d\u00e8s l&rsquo;enfance. Les villageois m&rsquo;appelaient par des noms d\u00e9gradants.\u00a0 Les enfants ne voulaient pas me fr\u00e9quenter ; c&rsquo;est parce que j&rsquo;avais des parents aimants qui ont n\u00e9goci\u00e9 pour que je m&rsquo;assoie \u00e0 l&rsquo;avant de la classe que j&rsquo;ai pu \u00e9tudier.\u00a0 M\u00eame dans ma vie d&rsquo;adulte, cette discrimination persiste, j&rsquo;ai eu [&hellip;]\" \/>\n<meta property=\"og:url\" content=\"https:\/\/voice.global\/fr\/blog\/revendiquer-notre-espace\/\" \/>\n<meta property=\"og:site_name\" content=\"Voice.Global\" \/>\n<meta property=\"og:image\" content=\"https:\/\/voice.global\/assets\/2019\/06\/WhatsApp-Image-2019-05-21-at-11.34.49-AM.jpeg\" \/>\n\t<meta property=\"og:image:width\" content=\"768\" \/>\n\t<meta property=\"og:image:height\" content=\"1024\" \/>\n\t<meta property=\"og:image:type\" content=\"image\/jpeg\" \/>\n<meta name=\"twitter:card\" content=\"summary_large_image\" \/>\n<meta name=\"twitter:label1\" content=\"Dur\u00e9e de lecture estim\u00e9e\" \/>\n\t<meta name=\"twitter:data1\" content=\"5 minutes\" \/>\n<script type=\"application\/ld+json\" class=\"yoast-schema-graph\">{\"@context\":\"https:\\\/\\\/schema.org\",\"@graph\":[{\"@type\":\"WebPage\",\"@id\":\"https:\\\/\\\/voice.global\\\/fr\\\/blog\\\/revendiquer-notre-espace\\\/\",\"url\":\"https:\\\/\\\/voice.global\\\/fr\\\/blog\\\/revendiquer-notre-espace\\\/\",\"name\":\"Revendiquer notre espace ! Nous avons notre place! - Voice.Global\",\"isPartOf\":{\"@id\":\"https:\\\/\\\/voice.global\\\/#website\"},\"primaryImageOfPage\":{\"@id\":\"https:\\\/\\\/voice.global\\\/fr\\\/blog\\\/revendiquer-notre-espace\\\/#primaryimage\"},\"image\":{\"@id\":\"https:\\\/\\\/voice.global\\\/fr\\\/blog\\\/revendiquer-notre-espace\\\/#primaryimage\"},\"thumbnailUrl\":\"https:\\\/\\\/voice.global\\\/assets\\\/2019\\\/06\\\/WhatsApp-Image-2019-05-21-at-11.34.49-AM.jpeg\",\"datePublished\":\"2023-05-05T11:16:54+00:00\",\"breadcrumb\":{\"@id\":\"https:\\\/\\\/voice.global\\\/fr\\\/blog\\\/revendiquer-notre-espace\\\/#breadcrumb\"},\"inLanguage\":\"fr-FR\",\"potentialAction\":[{\"@type\":\"ReadAction\",\"target\":[\"https:\\\/\\\/voice.global\\\/fr\\\/blog\\\/revendiquer-notre-espace\\\/\"]}]},{\"@type\":\"ImageObject\",\"inLanguage\":\"fr-FR\",\"@id\":\"https:\\\/\\\/voice.global\\\/fr\\\/blog\\\/revendiquer-notre-espace\\\/#primaryimage\",\"url\":\"https:\\\/\\\/voice.global\\\/assets\\\/2019\\\/06\\\/WhatsApp-Image-2019-05-21-at-11.34.49-AM.jpeg\",\"contentUrl\":\"https:\\\/\\\/voice.global\\\/assets\\\/2019\\\/06\\\/WhatsApp-Image-2019-05-21-at-11.34.49-AM.jpeg\",\"width\":768,\"height\":1024,\"caption\":\"Cover page of the Spatial mapping and profiling of persons with albinism in East Uganda report\"},{\"@type\":\"BreadcrumbList\",\"@id\":\"https:\\\/\\\/voice.global\\\/fr\\\/blog\\\/revendiquer-notre-espace\\\/#breadcrumb\",\"itemListElement\":[{\"@type\":\"ListItem\",\"position\":1,\"name\":\"Home\",\"item\":\"https:\\\/\\\/voice.global\\\/fr\\\/\"},{\"@type\":\"ListItem\",\"position\":2,\"name\":\"Blogs\",\"item\":\"https:\\\/\\\/voice.global\\\/fr\\\/blog\\\/\"},{\"@type\":\"ListItem\",\"position\":3,\"name\":\"Revendiquer notre espace ! Nous avons notre place!\"}]},{\"@type\":\"WebSite\",\"@id\":\"https:\\\/\\\/voice.global\\\/#website\",\"url\":\"https:\\\/\\\/voice.global\\\/\",\"name\":\"Voice.Global\",\"description\":\"Include - Innovate - Influence\",\"potentialAction\":[{\"@type\":\"SearchAction\",\"target\":{\"@type\":\"EntryPoint\",\"urlTemplate\":\"https:\\\/\\\/voice.global\\\/?s={search_term_string}\"},\"query-input\":{\"@type\":\"PropertyValueSpecification\",\"valueRequired\":true,\"valueName\":\"search_term_string\"}}],\"inLanguage\":\"fr-FR\"}]}<\/script>\n<!-- \/ Yoast SEO plugin. -->","yoast_head_json":{"title":"Revendiquer notre espace ! Nous avons notre place! - Voice.Global","robots":{"index":"index","follow":"follow","max-snippet":"max-snippet:-1","max-image-preview":"max-image-preview:large","max-video-preview":"max-video-preview:-1"},"canonical":"https:\/\/voice.global\/fr\/blog\/revendiquer-notre-espace\/","og_locale":"fr_FR","og_type":"article","og_title":"Revendiquer notre espace ! Nous avons notre place! - Voice.Global","og_description":"J&rsquo;ai \u00e9t\u00e9 victime de discrimination d\u00e8s l&rsquo;enfance. Les villageois m&rsquo;appelaient par des noms d\u00e9gradants.\u00a0 Les enfants ne voulaient pas me fr\u00e9quenter ; c&rsquo;est parce que j&rsquo;avais des parents aimants qui ont n\u00e9goci\u00e9 pour que je m&rsquo;assoie \u00e0 l&rsquo;avant de la classe que j&rsquo;ai pu \u00e9tudier.\u00a0 M\u00eame dans ma vie d&rsquo;adulte, cette discrimination persiste, j&rsquo;ai eu [&hellip;]","og_url":"https:\/\/voice.global\/fr\/blog\/revendiquer-notre-espace\/","og_site_name":"Voice.Global","og_image":[{"width":768,"height":1024,"url":"https:\/\/voice.global\/assets\/2019\/06\/WhatsApp-Image-2019-05-21-at-11.34.49-AM.jpeg","type":"image\/jpeg"}],"twitter_card":"summary_large_image","twitter_misc":{"Dur\u00e9e de lecture estim\u00e9e":"5 minutes"},"schema":{"@context":"https:\/\/schema.org","@graph":[{"@type":"WebPage","@id":"https:\/\/voice.global\/fr\/blog\/revendiquer-notre-espace\/","url":"https:\/\/voice.global\/fr\/blog\/revendiquer-notre-espace\/","name":"Revendiquer notre espace ! Nous avons notre place! - Voice.Global","isPartOf":{"@id":"https:\/\/voice.global\/#website"},"primaryImageOfPage":{"@id":"https:\/\/voice.global\/fr\/blog\/revendiquer-notre-espace\/#primaryimage"},"image":{"@id":"https:\/\/voice.global\/fr\/blog\/revendiquer-notre-espace\/#primaryimage"},"thumbnailUrl":"https:\/\/voice.global\/assets\/2019\/06\/WhatsApp-Image-2019-05-21-at-11.34.49-AM.jpeg","datePublished":"2023-05-05T11:16:54+00:00","breadcrumb":{"@id":"https:\/\/voice.global\/fr\/blog\/revendiquer-notre-espace\/#breadcrumb"},"inLanguage":"fr-FR","potentialAction":[{"@type":"ReadAction","target":["https:\/\/voice.global\/fr\/blog\/revendiquer-notre-espace\/"]}]},{"@type":"ImageObject","inLanguage":"fr-FR","@id":"https:\/\/voice.global\/fr\/blog\/revendiquer-notre-espace\/#primaryimage","url":"https:\/\/voice.global\/assets\/2019\/06\/WhatsApp-Image-2019-05-21-at-11.34.49-AM.jpeg","contentUrl":"https:\/\/voice.global\/assets\/2019\/06\/WhatsApp-Image-2019-05-21-at-11.34.49-AM.jpeg","width":768,"height":1024,"caption":"Cover page of the Spatial mapping and profiling of persons with albinism in East Uganda report"},{"@type":"BreadcrumbList","@id":"https:\/\/voice.global\/fr\/blog\/revendiquer-notre-espace\/#breadcrumb","itemListElement":[{"@type":"ListItem","position":1,"name":"Home","item":"https:\/\/voice.global\/fr\/"},{"@type":"ListItem","position":2,"name":"Blogs","item":"https:\/\/voice.global\/fr\/blog\/"},{"@type":"ListItem","position":3,"name":"Revendiquer notre espace ! Nous avons notre place!"}]},{"@type":"WebSite","@id":"https:\/\/voice.global\/#website","url":"https:\/\/voice.global\/","name":"Voice.Global","description":"Include - Innovate - Influence","potentialAction":[{"@type":"SearchAction","target":{"@type":"EntryPoint","urlTemplate":"https:\/\/voice.global\/?s={search_term_string}"},"query-input":{"@type":"PropertyValueSpecification","valueRequired":true,"valueName":"search_term_string"}}],"inLanguage":"fr-FR"}]}},"thumbnail_src":"https:\/\/voice.global\/assets\/2019\/06\/WhatsApp-Image-2019-05-21-at-11.34.49-AM.jpeg","_links":{"self":[{"href":"https:\/\/voice.global\/fr\/wp-json\/wp\/v2\/blog\/20626","targetHints":{"allow":["GET"]}}],"collection":[{"href":"https:\/\/voice.global\/fr\/wp-json\/wp\/v2\/blog"}],"about":[{"href":"https:\/\/voice.global\/fr\/wp-json\/wp\/v2\/types\/blog"}],"author":[{"embeddable":true,"href":"https:\/\/voice.global\/fr\/wp-json\/wp\/v2\/users\/15"}],"version-history":[{"count":2,"href":"https:\/\/voice.global\/fr\/wp-json\/wp\/v2\/blog\/20626\/revisions"}],"predecessor-version":[{"id":20628,"href":"https:\/\/voice.global\/fr\/wp-json\/wp\/v2\/blog\/20626\/revisions\/20628"}],"wp:featuredmedia":[{"embeddable":true,"href":"https:\/\/voice.global\/fr\/wp-json\/wp\/v2\/media\/6673"}],"wp:attachment":[{"href":"https:\/\/voice.global\/fr\/wp-json\/wp\/v2\/media?parent=20626"}],"wp:term":[{"taxonomy":"category","embeddable":true,"href":"https:\/\/voice.global\/fr\/wp-json\/wp\/v2\/categories?post=20626"},{"taxonomy":"post_tag","embeddable":true,"href":"https:\/\/voice.global\/fr\/wp-json\/wp\/v2\/tags?post=20626"},{"taxonomy":"country-cat","embeddable":true,"href":"https:\/\/voice.global\/fr\/wp-json\/wp\/v2\/country-cat?post=20626"},{"taxonomy":"publisher","embeddable":true,"href":"https:\/\/voice.global\/fr\/wp-json\/wp\/v2\/publisher?post=20626"}],"curies":[{"name":"wp","href":"https:\/\/api.w.org\/{rel}","templated":true}]}}