{"id":18627,"date":"2022-08-25T16:10:22","date_gmt":"2022-08-25T14:10:22","guid":{"rendered":"https:\/\/voice.global\/?post_type=blog&#038;p=18627"},"modified":"2022-08-25T16:10:22","modified_gmt":"2022-08-25T14:10:22","slug":"podcast-inclusif","status":"publish","type":"blog","link":"https:\/\/voice.global\/fr\/blog\/podcast-inclusif\/","title":{"rendered":"Le podcast inclusif"},"content":{"rendered":"\r\n<p><em>Par Pitra Hutomo, coordinateur de projet, Engage Media, facilitateur de liens et d&rsquo;apprentissage, Indon\u00e9sie<\/em><\/p>\r\n\r\n\r\n\r\n<p style=\"text-align: justify;\">La connexion, l&rsquo;apprentissage et le partage sont au c\u0153ur de Voice. En ces temps de distanciation sociale et de maintien \u00e0 domicile, les facilitateurs de liaison et d&rsquo;apprentissage de Voice explorent les moyens d&rsquo;y parvenir. <a href=\"https:\/\/voice.global\/grantees\/connecting-voices-in-indonesia\/?doing_wp_cron=1587897061.2906680107116699218750\">Engage Media<\/a>, le facilitateur de liaison et d&rsquo;apprentissage pour Voice Indonesia, a lanc\u00e9 le podcast d&rsquo;inclusion, <a href=\"https:\/\/indonesiainklusi.id\/podcast\/\">Podcast Inklusi<\/a>, o\u00f9 sont discut\u00e9s, entre autres, les effets de Covid-19 parmi les d\u00e9tenteurs de droits.<\/p>\r\n<p style=\"text-align: justify;\">Produite en bahasa, cette s\u00e9rie s&rsquo;av\u00e8re \u00eatre une bonne source d&rsquo;information pour divers ayants droit en Indon\u00e9sie. Voici un aper\u00e7u de deux \u00e9pisodes.<\/p>\r\n\r\n\r\n\r\n<h4 class=\"wp-block-heading\">Episode 1<\/h4>\r\n\r\n\r\n\r\n<div class=\"wp-block-group\">\r\n<div class=\"wp-block-group__inner-container is-layout-flow wp-block-group-is-layout-flow\">\r\n<div class=\"wp-block-image\">\r\n<figure class=\"alignright size-large is-resized\"><img loading=\"lazy\" decoding=\"async\" class=\"wp-image-9477\" src=\"https:\/\/voice.global\/assets\/2020\/04\/markus-spiske-iOE0qBkioc-unsplash-1-683x1024.jpg\" alt=\"\" width=\"137\" height=\"205\" srcset=\"https:\/\/voice.global\/assets\/2020\/04\/markus-spiske-iOE0qBkioc-unsplash-1-683x1024.jpg 683w, https:\/\/voice.global\/assets\/2020\/04\/markus-spiske-iOE0qBkioc-unsplash-1-200x300.jpg 200w, https:\/\/voice.global\/assets\/2020\/04\/markus-spiske-iOE0qBkioc-unsplash-1-768x1152.jpg 768w, https:\/\/voice.global\/assets\/2020\/04\/markus-spiske-iOE0qBkioc-unsplash-1-1024x1536.jpg 1024w, https:\/\/voice.global\/assets\/2020\/04\/markus-spiske-iOE0qBkioc-unsplash-1-1365x2048.jpg 1365w, https:\/\/voice.global\/assets\/2020\/04\/markus-spiske-iOE0qBkioc-unsplash-1-scaled.jpg 1706w\" sizes=\"auto, (max-width: 137px) 100vw, 137px\" \/><\/figure>\r\n<\/div>\r\n<\/div>\r\n<\/div>\r\n\r\n\r\n\r\n<p style=\"text-align: justify;\">In\u00a0<a href=\"https:\/\/indonesiainklusi.id\/podcast\/episode-1-kerja-dari-rumah-bersama-remotivi\/\" target=\"_blank\" rel=\"noreferrer noopener\">this episode<\/a>, Fendi talks with Faris from\u00a0<a href=\"https:\/\/voice.global\/grantees\/fair-representation-index\/\" target=\"_blank\" rel=\"noreferrer noopener\">Remotivi<\/a>\u00a0about things that were once simple and perceived to be normal. Young urban people denying change must begin to accept that everyone else in the world is perceiving change as the new normal. Do we need to daydream in these trying times? Faris looks at this and other questions.<\/p>\r\n\r\n\r\n\r\n\r\n\r\n\r\n\r\n<h4 class=\"wp-block-heading\">Episode 2<\/h4>\r\n\r\n\r\n\r\n<p>Dans <a href=\"https:\/\/indonesiainklusi.id\/podcast\/episode-2-kesejahteraan-lansia-pandemi-prakarsa\/\">cet \u00e9pisode<\/a>, nous invitons Herni Ramdlaningrum, chercheur et directeur de programme de <a href=\"https:\/\/voice.global\/grantees\/wise-social-assistance-for-elderly\/\">Perkebunan Prakarsa<\/a>, une institution qui effectue des recherches sur les politiques en mati\u00e8re de bien-\u00eatre social. Leur programme en partenariat avec Voice est une recherche autour des politiques nationales et r\u00e9gionales pour le bien-\u00eatre des personnes \u00e2g\u00e9es.<\/p>\r\n\r\n\r\n\r\n<div class=\"wp-block-image\">\r\n<figure class=\"alignleft size-large is-resized\"><img loading=\"lazy\" decoding=\"async\" class=\"wp-image-9473\" src=\"https:\/\/voice.global\/assets\/2020\/04\/sophie-nguyen-03K0oP3jEIk-unsplash-1-1024x683.jpg\" alt=\"\" width=\"327\" height=\"217\" srcset=\"https:\/\/voice.global\/assets\/2020\/04\/sophie-nguyen-03K0oP3jEIk-unsplash-1-1024x683.jpg 1024w, https:\/\/voice.global\/assets\/2020\/04\/sophie-nguyen-03K0oP3jEIk-unsplash-1-300x200.jpg 300w, https:\/\/voice.global\/assets\/2020\/04\/sophie-nguyen-03K0oP3jEIk-unsplash-1-768x512.jpg 768w, https:\/\/voice.global\/assets\/2020\/04\/sophie-nguyen-03K0oP3jEIk-unsplash-1-1536x1024.jpg 1536w, https:\/\/voice.global\/assets\/2020\/04\/sophie-nguyen-03K0oP3jEIk-unsplash-1-2048x1365.jpg 2048w\" sizes=\"auto, (max-width: 327px) 100vw, 327px\" \/><\/figure>\r\n<\/div>\r\n\r\n\r\n\r\n<p style=\"text-align: justify;\">La discussion porte d&rsquo;abord sur le travail de Perkebunan Prakarsa. L&rsquo;accent est ensuite mis sur la mani\u00e8re dont le gouvernement pourrait travailler pour prot\u00e9ger et garantir le bien-\u00eatre des personnes \u00e2g\u00e9es, en particulier dans le contexte de la pand\u00e9mie de COVID-19. La discussion finale porte sur la mani\u00e8re dont les institutions sociales peuvent collaborer dans une crise comme celle que nous traversons actuellement ?<\/p>\r\n<p style=\"text-align: justify;\">Surveillez les autres \u00e9pisodes.<\/p>\r\n","protected":false},"excerpt":{"rendered":"<p>Par Pitra Hutomo, coordinateur de projet, Engage Media, facilitateur de liens et d&rsquo;apprentissage, Indon\u00e9sie La connexion, l&rsquo;apprentissage et le partage sont au c\u0153ur de Voice. En ces temps de distanciation sociale et de maintien \u00e0 domicile, les facilitateurs de liaison et d&rsquo;apprentissage de Voice explorent les moyens d&rsquo;y parvenir. Engage Media, le facilitateur de liaison [&hellip;]<\/p>\n","protected":false},"author":15,"featured_media":9480,"template":"","categories":[],"tags":[133],"country-cat":[],"publisher":[],"class_list":["post-18627","blog","type-blog","status-publish","has-post-thumbnail","hentry","tag-linking-and-learning-fr"],"yoast_head":"<!-- This site is optimized with the Yoast SEO plugin v27.4 - https:\/\/yoast.com\/product\/yoast-seo-wordpress\/ -->\n<title>Le podcast inclusif - Voice.Global<\/title>\n<meta name=\"robots\" content=\"index, follow, max-snippet:-1, max-image-preview:large, max-video-preview:-1\" \/>\n<link rel=\"canonical\" href=\"https:\/\/voice.global\/fr\/blog\/podcast-inclusif\/\" \/>\n<meta property=\"og:locale\" content=\"fr_FR\" \/>\n<meta property=\"og:type\" content=\"article\" \/>\n<meta property=\"og:title\" content=\"Le podcast inclusif - Voice.Global\" \/>\n<meta property=\"og:description\" content=\"Par Pitra Hutomo, coordinateur de projet, Engage Media, facilitateur de liens et d&rsquo;apprentissage, Indon\u00e9sie La connexion, l&rsquo;apprentissage et le partage sont au c\u0153ur de Voice. En ces temps de distanciation sociale et de maintien \u00e0 domicile, les facilitateurs de liaison et d&rsquo;apprentissage de Voice explorent les moyens d&rsquo;y parvenir. Engage Media, le facilitateur de liaison [&hellip;]\" \/>\n<meta property=\"og:url\" content=\"https:\/\/voice.global\/fr\/blog\/podcast-inclusif\/\" \/>\n<meta property=\"og:site_name\" content=\"Voice.Global\" \/>\n<meta property=\"og:image\" content=\"https:\/\/voice.global\/assets\/2020\/04\/3381963.jpg\" \/>\n\t<meta property=\"og:image:width\" content=\"2000\" \/>\n\t<meta property=\"og:image:height\" content=\"2000\" \/>\n\t<meta property=\"og:image:type\" content=\"image\/jpeg\" \/>\n<meta name=\"twitter:card\" content=\"summary_large_image\" \/>\n<meta name=\"twitter:label1\" content=\"Dur\u00e9e de lecture estim\u00e9e\" \/>\n\t<meta name=\"twitter:data1\" content=\"1 minute\" \/>\n<script type=\"application\/ld+json\" class=\"yoast-schema-graph\">{\"@context\":\"https:\\\/\\\/schema.org\",\"@graph\":[{\"@type\":\"WebPage\",\"@id\":\"https:\\\/\\\/voice.global\\\/fr\\\/blog\\\/podcast-inclusif\\\/\",\"url\":\"https:\\\/\\\/voice.global\\\/fr\\\/blog\\\/podcast-inclusif\\\/\",\"name\":\"Le podcast inclusif - Voice.Global\",\"isPartOf\":{\"@id\":\"https:\\\/\\\/voice.global\\\/#website\"},\"primaryImageOfPage\":{\"@id\":\"https:\\\/\\\/voice.global\\\/fr\\\/blog\\\/podcast-inclusif\\\/#primaryimage\"},\"image\":{\"@id\":\"https:\\\/\\\/voice.global\\\/fr\\\/blog\\\/podcast-inclusif\\\/#primaryimage\"},\"thumbnailUrl\":\"https:\\\/\\\/voice.global\\\/assets\\\/2020\\\/04\\\/3381963.jpg\",\"datePublished\":\"2022-08-25T14:10:22+00:00\",\"breadcrumb\":{\"@id\":\"https:\\\/\\\/voice.global\\\/fr\\\/blog\\\/podcast-inclusif\\\/#breadcrumb\"},\"inLanguage\":\"fr-FR\",\"potentialAction\":[{\"@type\":\"ReadAction\",\"target\":[\"https:\\\/\\\/voice.global\\\/fr\\\/blog\\\/podcast-inclusif\\\/\"]}]},{\"@type\":\"ImageObject\",\"inLanguage\":\"fr-FR\",\"@id\":\"https:\\\/\\\/voice.global\\\/fr\\\/blog\\\/podcast-inclusif\\\/#primaryimage\",\"url\":\"https:\\\/\\\/voice.global\\\/assets\\\/2020\\\/04\\\/3381963.jpg\",\"contentUrl\":\"https:\\\/\\\/voice.global\\\/assets\\\/2020\\\/04\\\/3381963.jpg\",\"width\":2000,\"height\":2000},{\"@type\":\"BreadcrumbList\",\"@id\":\"https:\\\/\\\/voice.global\\\/fr\\\/blog\\\/podcast-inclusif\\\/#breadcrumb\",\"itemListElement\":[{\"@type\":\"ListItem\",\"position\":1,\"name\":\"Home\",\"item\":\"https:\\\/\\\/voice.global\\\/fr\\\/\"},{\"@type\":\"ListItem\",\"position\":2,\"name\":\"Blogs\",\"item\":\"https:\\\/\\\/voice.global\\\/fr\\\/blog\\\/\"},{\"@type\":\"ListItem\",\"position\":3,\"name\":\"Le podcast inclusif\"}]},{\"@type\":\"WebSite\",\"@id\":\"https:\\\/\\\/voice.global\\\/#website\",\"url\":\"https:\\\/\\\/voice.global\\\/\",\"name\":\"Voice.Global\",\"description\":\"Include - Innovate - Influence\",\"potentialAction\":[{\"@type\":\"SearchAction\",\"target\":{\"@type\":\"EntryPoint\",\"urlTemplate\":\"https:\\\/\\\/voice.global\\\/?s={search_term_string}\"},\"query-input\":{\"@type\":\"PropertyValueSpecification\",\"valueRequired\":true,\"valueName\":\"search_term_string\"}}],\"inLanguage\":\"fr-FR\"}]}<\/script>\n<!-- \/ Yoast SEO plugin. -->","yoast_head_json":{"title":"Le podcast inclusif - Voice.Global","robots":{"index":"index","follow":"follow","max-snippet":"max-snippet:-1","max-image-preview":"max-image-preview:large","max-video-preview":"max-video-preview:-1"},"canonical":"https:\/\/voice.global\/fr\/blog\/podcast-inclusif\/","og_locale":"fr_FR","og_type":"article","og_title":"Le podcast inclusif - Voice.Global","og_description":"Par Pitra Hutomo, coordinateur de projet, Engage Media, facilitateur de liens et d&rsquo;apprentissage, Indon\u00e9sie La connexion, l&rsquo;apprentissage et le partage sont au c\u0153ur de Voice. En ces temps de distanciation sociale et de maintien \u00e0 domicile, les facilitateurs de liaison et d&rsquo;apprentissage de Voice explorent les moyens d&rsquo;y parvenir. Engage Media, le facilitateur de liaison [&hellip;]","og_url":"https:\/\/voice.global\/fr\/blog\/podcast-inclusif\/","og_site_name":"Voice.Global","og_image":[{"width":2000,"height":2000,"url":"https:\/\/voice.global\/assets\/2020\/04\/3381963.jpg","type":"image\/jpeg"}],"twitter_card":"summary_large_image","twitter_misc":{"Dur\u00e9e de lecture estim\u00e9e":"1 minute"},"schema":{"@context":"https:\/\/schema.org","@graph":[{"@type":"WebPage","@id":"https:\/\/voice.global\/fr\/blog\/podcast-inclusif\/","url":"https:\/\/voice.global\/fr\/blog\/podcast-inclusif\/","name":"Le podcast inclusif - Voice.Global","isPartOf":{"@id":"https:\/\/voice.global\/#website"},"primaryImageOfPage":{"@id":"https:\/\/voice.global\/fr\/blog\/podcast-inclusif\/#primaryimage"},"image":{"@id":"https:\/\/voice.global\/fr\/blog\/podcast-inclusif\/#primaryimage"},"thumbnailUrl":"https:\/\/voice.global\/assets\/2020\/04\/3381963.jpg","datePublished":"2022-08-25T14:10:22+00:00","breadcrumb":{"@id":"https:\/\/voice.global\/fr\/blog\/podcast-inclusif\/#breadcrumb"},"inLanguage":"fr-FR","potentialAction":[{"@type":"ReadAction","target":["https:\/\/voice.global\/fr\/blog\/podcast-inclusif\/"]}]},{"@type":"ImageObject","inLanguage":"fr-FR","@id":"https:\/\/voice.global\/fr\/blog\/podcast-inclusif\/#primaryimage","url":"https:\/\/voice.global\/assets\/2020\/04\/3381963.jpg","contentUrl":"https:\/\/voice.global\/assets\/2020\/04\/3381963.jpg","width":2000,"height":2000},{"@type":"BreadcrumbList","@id":"https:\/\/voice.global\/fr\/blog\/podcast-inclusif\/#breadcrumb","itemListElement":[{"@type":"ListItem","position":1,"name":"Home","item":"https:\/\/voice.global\/fr\/"},{"@type":"ListItem","position":2,"name":"Blogs","item":"https:\/\/voice.global\/fr\/blog\/"},{"@type":"ListItem","position":3,"name":"Le podcast inclusif"}]},{"@type":"WebSite","@id":"https:\/\/voice.global\/#website","url":"https:\/\/voice.global\/","name":"Voice.Global","description":"Include - Innovate - Influence","potentialAction":[{"@type":"SearchAction","target":{"@type":"EntryPoint","urlTemplate":"https:\/\/voice.global\/?s={search_term_string}"},"query-input":{"@type":"PropertyValueSpecification","valueRequired":true,"valueName":"search_term_string"}}],"inLanguage":"fr-FR"}]}},"thumbnail_src":"https:\/\/voice.global\/assets\/2020\/04\/3381963.jpg","_links":{"self":[{"href":"https:\/\/voice.global\/fr\/wp-json\/wp\/v2\/blog\/18627","targetHints":{"allow":["GET"]}}],"collection":[{"href":"https:\/\/voice.global\/fr\/wp-json\/wp\/v2\/blog"}],"about":[{"href":"https:\/\/voice.global\/fr\/wp-json\/wp\/v2\/types\/blog"}],"author":[{"embeddable":true,"href":"https:\/\/voice.global\/fr\/wp-json\/wp\/v2\/users\/15"}],"version-history":[{"count":2,"href":"https:\/\/voice.global\/fr\/wp-json\/wp\/v2\/blog\/18627\/revisions"}],"predecessor-version":[{"id":18629,"href":"https:\/\/voice.global\/fr\/wp-json\/wp\/v2\/blog\/18627\/revisions\/18629"}],"wp:featuredmedia":[{"embeddable":true,"href":"https:\/\/voice.global\/fr\/wp-json\/wp\/v2\/media\/9480"}],"wp:attachment":[{"href":"https:\/\/voice.global\/fr\/wp-json\/wp\/v2\/media?parent=18627"}],"wp:term":[{"taxonomy":"category","embeddable":true,"href":"https:\/\/voice.global\/fr\/wp-json\/wp\/v2\/categories?post=18627"},{"taxonomy":"post_tag","embeddable":true,"href":"https:\/\/voice.global\/fr\/wp-json\/wp\/v2\/tags?post=18627"},{"taxonomy":"country-cat","embeddable":true,"href":"https:\/\/voice.global\/fr\/wp-json\/wp\/v2\/country-cat?post=18627"},{"taxonomy":"publisher","embeddable":true,"href":"https:\/\/voice.global\/fr\/wp-json\/wp\/v2\/publisher?post=18627"}],"curies":[{"name":"wp","href":"https:\/\/api.w.org\/{rel}","templated":true}]}}